{"id":5780,"date":"2022-05-04T11:11:43","date_gmt":"2022-05-04T15:11:43","guid":{"rendered":"https:\/\/www.semanariolocal.cl\/?p=5780"},"modified":"2022-05-04T11:11:44","modified_gmt":"2022-05-04T15:11:44","slug":"comision-de-gobierno-interior-de-la-camara-cito-al-servel-por-filtracion-de-datos","status":"publish","type":"post","link":"https:\/\/www.semanariolocal.cl\/?p=5780","title":{"rendered":"Comisi\u00f3n de Gobierno Interior de la C\u00e1mara cit\u00f3 al SERVEL por filtraci\u00f3n de datos"},"content":{"rendered":"\n<p>La Comisi\u00f3n de Gobierno Interior de la C\u00e1mara eligi\u00f3 como su presidenta a la diputada independiente de la Bancada PPD, Marta Gonzalez, y una de los primeros acuerdos tomados, fue citar al Director Nacional y al Director del Consejo Directivo del Servicio Electoral (Servel), a exponer respecto a la filtraci\u00f3n de datos personales de los electores que se origin\u00f3 tras una falla de seguridad, y que expuso la informaci\u00f3n de 15 millones de chilenos.<\/p>\n\n\n\n<p>\u00abLo ocurrido es muy grave, ya que se filtraron documentos donde aparec\u00edan detalles como el g\u00e9nero de la persona, su nacionalidad y la pertenencia a alg\u00fan pueblo originario. Queremos que se nos expliquen las razones de este hecho, y que tambi\u00e9n se nos detallen las acciones y medidas que est\u00e1 adoptando el Servel para corregir esta situaci\u00f3n\u00bb, se\u00f1al\u00f3 la diputada Gonz\u00e1lez.<\/p>\n\n\n\n<p>La parlamentaria agreg\u00f3 que \u00abde lo ocurrido debemos sacar ense\u00f1anzas y prevenir futuros riesgos en esta materia, que dejan al descubierto la vulnerabilidad de los datos personales\u00bb.<\/p>\n\n\n\n<p>\u00abSabemos que el Servel ha instruido una investigaci\u00f3n de lo sucedido, y en ese sentido, esperamos que se establezcan las responsabilidades y sanciones que correspondan, sin embargo, y haciendo uso de nuestro rol fiscalizador, creemos que es muy importante que se nos explique, de cara al pa\u00eds, detalles de lo ocurrido\u201d.<\/p>\n","protected":false},"excerpt":{"rendered":"<p>La Comisi\u00f3n de Gobierno Interior de la C\u00e1mara eligi\u00f3 como su presidenta a la diputada independiente de la Bancada PPD, Marta Gonzalez, y una de los primeros acuerdos tomados, fue citar al Director Nacional y al Director del Consejo Directivo del Servicio Electoral (Servel), a exponer respecto a la filtraci\u00f3n de datos personales de los&#8230;<a class=\"btnReadMore\" href=\"https:\/\/www.semanariolocal.cl\/?p=5780\"> Leer M\u00e1s<\/a><\/p>\n","protected":false},"author":1,"featured_media":5781,"comment_status":"closed","ping_status":"closed","sticky":false,"template":"","format":"standard","meta":{"footnotes":""},"categories":[6],"tags":[],"class_list":["post-5780","post","type-post","status-publish","format-standard","has-post-thumbnail","hentry","category-politica"],"_links":{"self":[{"href":"https:\/\/www.semanariolocal.cl\/index.php?rest_route=\/wp\/v2\/posts\/5780","targetHints":{"allow":["GET"]}}],"collection":[{"href":"https:\/\/www.semanariolocal.cl\/index.php?rest_route=\/wp\/v2\/posts"}],"about":[{"href":"https:\/\/www.semanariolocal.cl\/index.php?rest_route=\/wp\/v2\/types\/post"}],"author":[{"embeddable":true,"href":"https:\/\/www.semanariolocal.cl\/index.php?rest_route=\/wp\/v2\/users\/1"}],"replies":[{"embeddable":true,"href":"https:\/\/www.semanariolocal.cl\/index.php?rest_route=%2Fwp%2Fv2%2Fcomments&post=5780"}],"version-history":[{"count":1,"href":"https:\/\/www.semanariolocal.cl\/index.php?rest_route=\/wp\/v2\/posts\/5780\/revisions"}],"predecessor-version":[{"id":5782,"href":"https:\/\/www.semanariolocal.cl\/index.php?rest_route=\/wp\/v2\/posts\/5780\/revisions\/5782"}],"wp:featuredmedia":[{"embeddable":true,"href":"https:\/\/www.semanariolocal.cl\/index.php?rest_route=\/wp\/v2\/media\/5781"}],"wp:attachment":[{"href":"https:\/\/www.semanariolocal.cl\/index.php?rest_route=%2Fwp%2Fv2%2Fmedia&parent=5780"}],"wp:term":[{"taxonomy":"category","embeddable":true,"href":"https:\/\/www.semanariolocal.cl\/index.php?rest_route=%2Fwp%2Fv2%2Fcategories&post=5780"},{"taxonomy":"post_tag","embeddable":true,"href":"https:\/\/www.semanariolocal.cl\/index.php?rest_route=%2Fwp%2Fv2%2Ftags&post=5780"}],"curies":[{"name":"wp","href":"https:\/\/api.w.org\/{rel}","templated":true}]}}