{"id":5777,"date":"2022-05-04T11:08:12","date_gmt":"2022-05-04T15:08:12","guid":{"rendered":"https:\/\/www.semanariolocal.cl\/?p=5777"},"modified":"2022-05-04T11:08:13","modified_gmt":"2022-05-04T15:08:13","slug":"sernapesca-anuncia-el-cierre-de-temporada-de-pesca-recreativa-en-aguas-continentales","status":"publish","type":"post","link":"https:\/\/www.semanariolocal.cl\/?p=5777","title":{"rendered":"SERNAPESCA anuncia el cierre de temporada de pesca recreativa en aguas continentales"},"content":{"rendered":"\n<p>Para dar t\u00e9rmino a la temporada la Asociaci\u00f3n de Pesca Deportiva Puyehue organiz\u00f3 el s\u00e1bado 30 de abril el Campeonato Internacional de Pesca Recreativa con Mosca y Devoluci\u00f3n en Entre Lagos, Puyehue, al cual asistieron funcionarios y funcionarias del Servicio Nacional de Pesca y Acuicultura (SERNAPESCA) Los Lagos para fiscalizar el cumplimiento de la normativa vigente,&nbsp;verificando&nbsp;que las personas que participaron contaran con la licencia de pesca recreativa correspondiente,&nbsp;comprobando&nbsp;la cuota&nbsp;de pesca y&nbsp;la desinfecci\u00f3n de las embarcaciones y equipos con el fin de prevenir la diseminaci\u00f3n de la plaga didymo, entre otros.<\/p>\n\n\n\n<p>Con el t\u00e9rmino de la temporada de pesca recreativa, se inicia la veda biol\u00f3gica de salm\u00f3nidos, prohibiendo la captura o extracci\u00f3n de los ejemplares durante el periodo indicado con el objetivo de incentivar una pesca recreativa sustentable y responsable para potenciar el turismo que aumenta en la temporada estival, una importante actividad econ\u00f3mica en la regi\u00f3n de Los Lagos.<\/p>\n\n\n\n<p>\u201cSe termina la temporada en aguas continentales, pero para quienes cuentan con licencia para realizar este deporte en el mar, pueden continuar realiz\u00e1ndola, siempre y cuando utilicen aparejos de pesca de uso personal. Quiero aprovechar esta instancia para hacer el llamado a la comunidad a respetar el cierre de temporada en r\u00edos, lagos y lagunas, ya que la pesca recreativa representa a una de las actividades m\u00e1s importantes para el turismo y desarrollo de nuestra regi\u00f3n.\u201d Agreg\u00f3 Branny Montecinos, Director Regional (S) de Sernapesca Los Lagos.<\/p>\n\n\n\n<p>En el marco del Programa Especial de Aguas Continentales, que busca resguardar la sustentabilidad de la pesca recreativa, SERNAPESCA reforzar\u00e1 las acciones de control en r\u00edos y lagos, particularmente en zonas de desove. Para ello, y en el marco de la Red Sustenta, SERNAPESCA ha coordinado acciones de fiscalizaci\u00f3n con otras instituciones llamadas a hacer cumplir la Ley de Pesca Recreativa, lo que permitir\u00e1 una amplia cobertura territorial.<\/p>\n\n\n\n<p>Si bien es cierto la temporada oficial se cierra el primer domingo de mayo, hay cuencas que permanecer\u00e1n abiertas para pesca con devoluci\u00f3n hasta fines del presente mes. Para mayor informaci\u00f3n puede consultar en el siguiente&nbsp;<a href=\"http:\/\/www.sernapesca.cl\/sites\/default\/files\/medidas_de_administracion_de_pesca_recreativa_en_chile_2021-2022_20210827141600.pdf\" target=\"_blank\" rel=\"noreferrer noopener\">link<\/a>.<\/p>\n\n\n\n<p>Finalmente desde SERNAPESCA invitan a denunciar las actividades de ilegal de manera segura y an\u00f3nima al tel\u00e9fono 800 320 032, n\u00famero gratuito<\/p>\n","protected":false},"excerpt":{"rendered":"<p>De acuerdo a lo que establece la Ley N\u00b020.256 y sus reglamentos, el primer domingo de mayo se finaliza la temporada oficial de pesca recreativa 2021 \u2013 2022 en la regi\u00f3n de Los Lagos.<\/p>\n","protected":false},"author":1,"featured_media":5778,"comment_status":"closed","ping_status":"closed","sticky":false,"template":"","format":"standard","meta":{"footnotes":""},"categories":[3],"tags":[],"class_list":["post-5777","post","type-post","status-publish","format-standard","has-post-thumbnail","hentry","category-al-dia"],"_links":{"self":[{"href":"https:\/\/www.semanariolocal.cl\/index.php?rest_route=\/wp\/v2\/posts\/5777","targetHints":{"allow":["GET"]}}],"collection":[{"href":"https:\/\/www.semanariolocal.cl\/index.php?rest_route=\/wp\/v2\/posts"}],"about":[{"href":"https:\/\/www.semanariolocal.cl\/index.php?rest_route=\/wp\/v2\/types\/post"}],"author":[{"embeddable":true,"href":"https:\/\/www.semanariolocal.cl\/index.php?rest_route=\/wp\/v2\/users\/1"}],"replies":[{"embeddable":true,"href":"https:\/\/www.semanariolocal.cl\/index.php?rest_route=%2Fwp%2Fv2%2Fcomments&post=5777"}],"version-history":[{"count":1,"href":"https:\/\/www.semanariolocal.cl\/index.php?rest_route=\/wp\/v2\/posts\/5777\/revisions"}],"predecessor-version":[{"id":5779,"href":"https:\/\/www.semanariolocal.cl\/index.php?rest_route=\/wp\/v2\/posts\/5777\/revisions\/5779"}],"wp:featuredmedia":[{"embeddable":true,"href":"https:\/\/www.semanariolocal.cl\/index.php?rest_route=\/wp\/v2\/media\/5778"}],"wp:attachment":[{"href":"https:\/\/www.semanariolocal.cl\/index.php?rest_route=%2Fwp%2Fv2%2Fmedia&parent=5777"}],"wp:term":[{"taxonomy":"category","embeddable":true,"href":"https:\/\/www.semanariolocal.cl\/index.php?rest_route=%2Fwp%2Fv2%2Fcategories&post=5777"},{"taxonomy":"post_tag","embeddable":true,"href":"https:\/\/www.semanariolocal.cl\/index.php?rest_route=%2Fwp%2Fv2%2Ftags&post=5777"}],"curies":[{"name":"wp","href":"https:\/\/api.w.org\/{rel}","templated":true}]}}