{"id":5774,"date":"2022-05-04T11:05:38","date_gmt":"2022-05-04T15:05:38","guid":{"rendered":"https:\/\/www.semanariolocal.cl\/?p=5774"},"modified":"2022-05-04T11:05:39","modified_gmt":"2022-05-04T15:05:39","slug":"valores-de-solidaridad-y-fraternidad-son-el-tema-sello-santo-tomas-2022","status":"publish","type":"post","link":"https:\/\/www.semanariolocal.cl\/?p=5774","title":{"rendered":"Valores de solidaridad y fraternidad son el Tema Sello Santo Tom\u00e1s 2022"},"content":{"rendered":"\n<p>La formaci\u00f3n de personas con valores es la marca que une e identifica a todos los alumnos de la Universidad, el Instituto Profesional y el Centro de Formaci\u00f3n T\u00e9cnica de&nbsp;Santo Tom\u00e1s.&nbsp; Y como es tradici\u00f3n, inspirados en los fundamentos institucionales, se present\u00f3 el Tema Sello que durante el a\u00f1o acompa\u00f1ar\u00e1 el accionar de estudiantes, acad\u00e9micos y funcionarios. La Solidaridad y Fraternidad son los elegidos, las cuales son representados en la figura de San Alberto Hurtado.<\/p>\n\n\n\n<p>El lanzamiento, a cargo de la Direcci\u00f3n de Formaci\u00f3n e Identidad, cont\u00f3 con la presencia de directivos, docentes y estudiantes y con la charla del sacerdote jesuita, Pablo Castro Fones, quien fue el encargado de relatar la vida y obra del fundador del Hogar de Cristo. En la oportunidad se habl\u00f3 sobre los inicios, estudios, formaci\u00f3n profesional como abogado y su acercamiento a la religi\u00f3n de Hurtado Cruchaga, lo que llevo al padre a convertirse en la emblem\u00e1tica figura patrono de ni\u00f1os, pobres y trabajadores sociales.<\/p>\n\n\n\n<p>\u201cEncuentro bien fascinante que San Alberto Hurtado siga siendo hoy en d\u00eda una imagen y una historia de vida que pueda motivar a j\u00f3venes diversos, hombres y mujeres, creyentes y no creyentes, aproxim\u00e1ndolos a la solidaridad como un modo de entender y vivir la vida, m\u00e1s que como una acci\u00f3n o un gesto espec\u00edfico. Como creyente \u00e9l se preguntaba \u2018\u00bfqu\u00e9 har\u00eda Cristo en mi lugar?\u2019 y con eso se cuestionaba de manera permanente su lugar.&nbsp; La ense\u00f1anza es, ante todo, preguntarnos c\u00f3mo vivimos la vida mirando desde la perspectiva de los m\u00e1s excluidos de la sociedad porque claramente desde ah\u00ed mir\u00f3 todas sus relaciones Jes\u00fas, siempre se situ\u00f3 desde el lugar de los marginados\u201d, sostuvo el padre Pablo Castro.<\/p>\n\n\n\n<p>Yury Hern\u00e1ndez Doria, elegido estudiante Sello de Universidad Santo Tom\u00e1s por reflejar los valores institucionales, se sinti\u00f3 motivado por este lanzamiento que marca el quehacer de este 2022. \u201cMe parece muy importante por lo que representa San Alberto Hurtado en su vida de fraternidad, de trabajo por la comunidad, especialmente por los m\u00e1s pobres y los m\u00e1s necesitados. Toda su trayectoria religiosa estuvo dedicada a ayudar, a capacitar a los obreros, a darle un pan a quien lo requer\u00eda y yo creo que eso nos identifica como base de los tomasinos, d\u00e1ndonos un marco val\u00f3rico para nuestro trabajo futuro y desempe\u00f1o laboral\u201d dijo.<\/p>\n\n\n\n<p><strong>Sobre Tema Sello<\/strong><\/p>\n\n\n\n<p>El&nbsp;Tema Sello&nbsp;que anualmente promueve la instituci\u00f3n es una instancia reflexiva que busca acu\u00f1ar uno de los cinco valores institucionales (Respeto e Inclusi\u00f3n; Amor a la verdad; Pensamiento cr\u00edtico; Excelencia y esfuerzo y Fraternidad y Solidaridad) con la imagen de un personaje nacional o internacional, real o ficticio, que haya vivido de manera especial tales valores y pueda ser presentado como modelo a imitar. \u201cSon valores que nos identifican como instituci\u00f3n y nos inspiran a dar lo mejor de nosotros\u201d, afirm\u00f3 Patricia S\u00e1nchez Fuentealba, directora de Formaci\u00f3n e Identidad de Santo Tom\u00e1s Puerto Montt.<\/p>\n\n\n\n<p>\u201cEstoy muy contenta de retomar presencialmente estas actividades emblem\u00e1ticas en la sede, el lanzamiento del tema sello 2022 es especial en ese sentido. Considero muy positivo que nuestros estudiantes puedan impregnarse del personaje que este a\u00f1o es el padre Alberto Hurtado, a trav\u00e9s de un sacerdote jesuita que, si bien como dijo el mismo padre Pablo no es experto, conoce muy bien su vida y obra. Creo que todos aprendimos algo nuevo y nos qued\u00f3 claro que la solidaridad no es un acto puntual, m\u00e1s bien es una forma de vivir constante en el tiempo\u201d, agreg\u00f3 S\u00e1nchez Fuentealba.<\/p>\n","protected":false},"excerpt":{"rendered":"<p>Encarnados en la figura de San Alberto Hurtado, estas cualidades institucionales propician instancias reflexivas en la comunidad educativa.<\/p>\n","protected":false},"author":1,"featured_media":5775,"comment_status":"closed","ping_status":"closed","sticky":false,"template":"","format":"standard","meta":{"footnotes":""},"categories":[11],"tags":[],"class_list":["post-5774","post","type-post","status-publish","format-standard","has-post-thumbnail","hentry","category-educacion"],"_links":{"self":[{"href":"https:\/\/www.semanariolocal.cl\/index.php?rest_route=\/wp\/v2\/posts\/5774","targetHints":{"allow":["GET"]}}],"collection":[{"href":"https:\/\/www.semanariolocal.cl\/index.php?rest_route=\/wp\/v2\/posts"}],"about":[{"href":"https:\/\/www.semanariolocal.cl\/index.php?rest_route=\/wp\/v2\/types\/post"}],"author":[{"embeddable":true,"href":"https:\/\/www.semanariolocal.cl\/index.php?rest_route=\/wp\/v2\/users\/1"}],"replies":[{"embeddable":true,"href":"https:\/\/www.semanariolocal.cl\/index.php?rest_route=%2Fwp%2Fv2%2Fcomments&post=5774"}],"version-history":[{"count":1,"href":"https:\/\/www.semanariolocal.cl\/index.php?rest_route=\/wp\/v2\/posts\/5774\/revisions"}],"predecessor-version":[{"id":5776,"href":"https:\/\/www.semanariolocal.cl\/index.php?rest_route=\/wp\/v2\/posts\/5774\/revisions\/5776"}],"wp:featuredmedia":[{"embeddable":true,"href":"https:\/\/www.semanariolocal.cl\/index.php?rest_route=\/wp\/v2\/media\/5775"}],"wp:attachment":[{"href":"https:\/\/www.semanariolocal.cl\/index.php?rest_route=%2Fwp%2Fv2%2Fmedia&parent=5774"}],"wp:term":[{"taxonomy":"category","embeddable":true,"href":"https:\/\/www.semanariolocal.cl\/index.php?rest_route=%2Fwp%2Fv2%2Fcategories&post=5774"},{"taxonomy":"post_tag","embeddable":true,"href":"https:\/\/www.semanariolocal.cl\/index.php?rest_route=%2Fwp%2Fv2%2Ftags&post=5774"}],"curies":[{"name":"wp","href":"https:\/\/api.w.org\/{rel}","templated":true}]}}