{"id":5744,"date":"2022-05-02T10:00:00","date_gmt":"2022-05-02T14:00:00","guid":{"rendered":"https:\/\/www.semanariolocal.cl\/?p=5744"},"modified":"2022-05-02T18:58:25","modified_gmt":"2022-05-02T22:58:25","slug":"presentan-proyecto-para-que-conductores-ebrios-paguen-pension-alimenticia-a-hijos-de-victima","status":"publish","type":"post","link":"https:\/\/www.semanariolocal.cl\/?p=5744","title":{"rendered":"Presentan proyecto para que conductores ebrios paguen pensi\u00f3n alimenticia a hijos de v\u00edctima"},"content":{"rendered":"\n<p>Siguiendo el ejemplo del Estado de Tennessee, en Estados Unidos, los diputados de la UDI, Juan Antonio Coloma y Cristhian Moreira, presentaron un proyecto de ley para obligar a los conductores que manejen en estado de ebriedad a pagar una pensi\u00f3n de alimentos cuando provoquen la muerte de alguna persona que haya tenido hijos menores de edad.<\/p>\n\n\n\n<p>Al respecto, los parlamentarios gremialistas explicaron que en dicho estado, todas las personas que conduzcan bajo los efectos del alcohol deber\u00e1n hacerse cargo econ\u00f3micamente de los eventuales hijos -menores de 18 a\u00f1os- que haya tenido la v\u00edctima, siendo los tribunales de justicia los encargados de determinar el monto de la pensi\u00f3n una vez confirmada su responsabilidad.<\/p>\n\n\n\n<p>Por lo mismo, esta semana los diputados Coloma y Moreira decidieron presentar un proyecto de ley en similares t\u00e9rminos, pero aplicando dicha medida a todos los menores de 21 a\u00f1os, ampli\u00e1ndola tambi\u00e9n hasta los 28 a\u00f1os cuando el o los hijos de la v\u00edctima se encuentren estudiando.<\/p>\n\n\n\n<p>\u201cEste proyecto de ley no s\u00f3lo tiene como objetivo prevenir que los conductores manejen bajo la influencia del alcohol o en estado de ebriedad, sino que tambi\u00e9n asegurar que en caso de que participen en un accidente y le provoquen la muerte a una persona, como ocurre habitualmente, se hagan cargo de la educaci\u00f3n y la alimentaci\u00f3n de los hijos menores de 21 a\u00f1os que haya tenido la v\u00edctima\u201d, se\u00f1alaron los parlamentarios UDI.<\/p>\n\n\n\n<p>En esa l\u00ednea, Coloma y Moreira agregaron que \u201cmuchas veces creemos que los familiares de una v\u00edctima logran un poco de consuelo cuando el responsable de la muerte es condenado por la justicia, pero detr\u00e1s de todo esto se esconden otras realidades que solemos desconocer, como es el desamparo en el que quedan muchos menores de edad al perder a su padre y al principal sostenedor de su hogar\u201d.<\/p>\n\n\n\n<p>Por \u00faltimo, ambos diputados explicaron que en caso de que el conductor sea condenado a penas privativas de libertad, los tribunales podr\u00e1n determinar que el pago de la pensi\u00f3n alimenticia se realice a trav\u00e9s de la venta de los bienes que pudiera tener el autor. \u201cTenemos que buscar todas las herramientas legales para que estas personas reparen todo el da\u00f1o que han causado. As\u00ed que esperamos que el proyecto pueda avanzar en su tramitaci\u00f3n y no nos conformemos con que el autor s\u00f3lo sea condenado por su irresponsabilidad\u201d, explicaron Coloma y Moreira.<\/p>\n","protected":false},"excerpt":{"rendered":"<p>Juan Antonio Coloma y Cristhian Moreira buscan replicar una propuesta surgida en Estados Unidos, donde los responsables de una muerte se hagan cargo de los menores de 21 a\u00f1os. <\/p>\n","protected":false},"author":1,"featured_media":5745,"comment_status":"closed","ping_status":"closed","sticky":false,"template":"","format":"standard","meta":{"footnotes":""},"categories":[3,6],"tags":[],"class_list":["post-5744","post","type-post","status-publish","format-standard","has-post-thumbnail","hentry","category-al-dia","category-politica"],"_links":{"self":[{"href":"https:\/\/www.semanariolocal.cl\/index.php?rest_route=\/wp\/v2\/posts\/5744","targetHints":{"allow":["GET"]}}],"collection":[{"href":"https:\/\/www.semanariolocal.cl\/index.php?rest_route=\/wp\/v2\/posts"}],"about":[{"href":"https:\/\/www.semanariolocal.cl\/index.php?rest_route=\/wp\/v2\/types\/post"}],"author":[{"embeddable":true,"href":"https:\/\/www.semanariolocal.cl\/index.php?rest_route=\/wp\/v2\/users\/1"}],"replies":[{"embeddable":true,"href":"https:\/\/www.semanariolocal.cl\/index.php?rest_route=%2Fwp%2Fv2%2Fcomments&post=5744"}],"version-history":[{"count":1,"href":"https:\/\/www.semanariolocal.cl\/index.php?rest_route=\/wp\/v2\/posts\/5744\/revisions"}],"predecessor-version":[{"id":5746,"href":"https:\/\/www.semanariolocal.cl\/index.php?rest_route=\/wp\/v2\/posts\/5744\/revisions\/5746"}],"wp:featuredmedia":[{"embeddable":true,"href":"https:\/\/www.semanariolocal.cl\/index.php?rest_route=\/wp\/v2\/media\/5745"}],"wp:attachment":[{"href":"https:\/\/www.semanariolocal.cl\/index.php?rest_route=%2Fwp%2Fv2%2Fmedia&parent=5744"}],"wp:term":[{"taxonomy":"category","embeddable":true,"href":"https:\/\/www.semanariolocal.cl\/index.php?rest_route=%2Fwp%2Fv2%2Fcategories&post=5744"},{"taxonomy":"post_tag","embeddable":true,"href":"https:\/\/www.semanariolocal.cl\/index.php?rest_route=%2Fwp%2Fv2%2Ftags&post=5744"}],"curies":[{"name":"wp","href":"https:\/\/api.w.org\/{rel}","templated":true}]}}