{"id":5741,"date":"2022-05-02T08:40:00","date_gmt":"2022-05-02T12:40:00","guid":{"rendered":"https:\/\/www.semanariolocal.cl\/?p=5741"},"modified":"2022-05-02T18:52:55","modified_gmt":"2022-05-02T22:52:55","slug":"balacera-en-meiggs-senador-pide-creacion-de-ministerio-de-seguridad-y-orden-publico","status":"publish","type":"post","link":"https:\/\/www.semanariolocal.cl\/?p=5741","title":{"rendered":"Balacera en Meiggs: Senador pide creaci\u00f3n de Ministerio de Seguridad y Orden P\u00fablico"},"content":{"rendered":"\n<p>El Presidente de la Comisi\u00f3n de Derechos Humanos del Senador, Gast\u00f3n Saavedra, conden\u00f3 el ataque a balazos a la Prensa Independiente durante marcha este 1 de Mayo.<\/p>\n\n\n\n<p>A juicio del parlamentario PS, \u00ablos hechos ocurridos este domingo demuestran que aqu\u00ed no se est\u00e1 actuando como corresponde, no se est\u00e1 defendiendo el derecho a las personas a transitar y poder ocupar espacios p\u00fablicos para su esparcimiento o incluso para desarrollar el comercio legal\u00bb.<\/p>\n\n\n\n<p>\u00abMe parece que el Ministerio del Interior no puede seguir a cargo de estos temas. Aqu\u00ed se requiere de un Ministerio de Seguridad y Orden P\u00fablico para que frene a las mafias que se han tomado espacios p\u00fablicos. Claramente los hechos producidos este domingo en Santiago demuestran que hay mafias que tienen tomados sectores perjudicando incluso la libertad a manifestarse\u00bb, dijo Saavedra.<\/p>\n\n\n\n<p>Sobre este punto el Senador agreg\u00f3 que \u00abhay que apostar por la recuperaci\u00f3n de los espacios p\u00fablicos. Un derecho humano intransable es el derecho a poder transitar por espacios p\u00fablicos sin temor a ser amedrentados, amenazados o atacados por bandas inescrupulosas\u00bb.<\/p>\n\n\n\n<p>\u00abEn este sentido creo que el Ministerio Interior no puede seguir haci\u00e9ndose cargo de este tema y debe dedicarse por completo a la coordinaci\u00f3n pol\u00edtica y desarrollo del programa de gobierno.&nbsp; Quien mucho abarca poco aprieta y lamentablemente vemos que la cartera de Interior no puede abarcar los temas pol\u00edticos y combatir la delincuencia\u00bb, concluy\u00f3 el Presidente de la Comisi\u00f3n de Derechos Humanos del Senado.<\/p>\n","protected":false},"excerpt":{"rendered":"<p>El senador Gast\u00f3n Saavedra se\u00f1al\u00f3 que \u00ablos hechos producidos este domingo en Santiago demuestran que hay mafias que tienen tomados sectores perjudicando incluso la libertad a manifestarse\u00bb. El parlamentario socialista agreg\u00f3 que \u00abInterior debe dedicarse exclusivamente a los temas de coordinaci\u00f3n pol\u00edtica\u00bb.<\/p>\n","protected":false},"author":1,"featured_media":5742,"comment_status":"closed","ping_status":"closed","sticky":false,"template":"","format":"standard","meta":{"footnotes":""},"categories":[3],"tags":[],"class_list":["post-5741","post","type-post","status-publish","format-standard","has-post-thumbnail","hentry","category-al-dia"],"_links":{"self":[{"href":"https:\/\/www.semanariolocal.cl\/index.php?rest_route=\/wp\/v2\/posts\/5741","targetHints":{"allow":["GET"]}}],"collection":[{"href":"https:\/\/www.semanariolocal.cl\/index.php?rest_route=\/wp\/v2\/posts"}],"about":[{"href":"https:\/\/www.semanariolocal.cl\/index.php?rest_route=\/wp\/v2\/types\/post"}],"author":[{"embeddable":true,"href":"https:\/\/www.semanariolocal.cl\/index.php?rest_route=\/wp\/v2\/users\/1"}],"replies":[{"embeddable":true,"href":"https:\/\/www.semanariolocal.cl\/index.php?rest_route=%2Fwp%2Fv2%2Fcomments&post=5741"}],"version-history":[{"count":1,"href":"https:\/\/www.semanariolocal.cl\/index.php?rest_route=\/wp\/v2\/posts\/5741\/revisions"}],"predecessor-version":[{"id":5743,"href":"https:\/\/www.semanariolocal.cl\/index.php?rest_route=\/wp\/v2\/posts\/5741\/revisions\/5743"}],"wp:featuredmedia":[{"embeddable":true,"href":"https:\/\/www.semanariolocal.cl\/index.php?rest_route=\/wp\/v2\/media\/5742"}],"wp:attachment":[{"href":"https:\/\/www.semanariolocal.cl\/index.php?rest_route=%2Fwp%2Fv2%2Fmedia&parent=5741"}],"wp:term":[{"taxonomy":"category","embeddable":true,"href":"https:\/\/www.semanariolocal.cl\/index.php?rest_route=%2Fwp%2Fv2%2Fcategories&post=5741"},{"taxonomy":"post_tag","embeddable":true,"href":"https:\/\/www.semanariolocal.cl\/index.php?rest_route=%2Fwp%2Fv2%2Ftags&post=5741"}],"curies":[{"name":"wp","href":"https:\/\/api.w.org\/{rel}","templated":true}]}}