{"id":5738,"date":"2022-05-02T07:20:00","date_gmt":"2022-05-02T11:20:00","guid":{"rendered":"https:\/\/www.semanariolocal.cl\/?p=5738"},"modified":"2022-05-02T18:40:54","modified_gmt":"2022-05-02T22:40:54","slug":"diputado-gonzalez-impulsa-fiscalizacion-y-mesa-de-trabajo-para-carcel-de-alto-bonito","status":"publish","type":"post","link":"https:\/\/www.semanariolocal.cl\/?p=5738","title":{"rendered":"Diputado Gonz\u00e1lez impulsa fiscalizaci\u00f3n y  mesa de trabajo para C\u00e1rcel de Alto Bonito"},"content":{"rendered":"\n<p>Luego de la denuncia formulada por dirigentes de la Asociaci\u00f3n Nacional de Suboficiales de Gendarmer\u00eda (Ansog), de la regi\u00f3n de Los Lagos, quienes afirmaron que mensualmente se lanzan m\u00e1s de 500 paquetes al interior del penal de Alto Bonito, en Puerto Montt, con droga, alcohol e incluso celulares; el diputado&nbsp; de Renovaci\u00f3n Nacional por la zona, Mauro Gonzalez realiz\u00f3 una visita inspectiva al recinto, junto a un grupo de funcionarios penitenciarios, constatando in situ algunas falencias.<\/p>\n\n\n\n<p>Cabe recordar, que el caso que encendi\u00f3 las alarmas entre los funcionarios se relaciona con la agresi\u00f3n que sufri\u00f3 un gendarme, tras recoger un paquete lanzado desde el exterior del penal, y en cuyo momento fue alcanzado por un gancho lanzado por un recluso que se le incrust\u00f3 en su ceja izquierda, resultando con una herida de mediana gravedad.<\/p>\n\n\n\n<p>Tras concluir la visita&nbsp; en el penal Alto Bonito, el diputado Gonzalez junto con empatizar con las demandas de los funcionarios, hizo un llamado a las autoridades a conformar una mesa de trabajo para abordar las problem\u00e1ticas y establecer soluciones a corto, mediano y largo plazo.<\/p>\n\n\n\n<p>\u201cVine a terreno a conversar con los dirigentes de ambas asociaciones de gendarmer\u00eda por la relevancia de sus peticiones, las que son absolutamente leg\u00edtimas\u2026Hago un llamado en estos momentos a la Ministra de Justicia que vino a la zona a que tome en conocimiento y que escuche a los funcionarios; es un tema grave, no esperemos que pase una tragedia, o que este movimiento se radicalice, sino que armemos una mesa de trabajo para tomar puntos a corto, mediano y largo plazo, los funcionarios lo que quieren es ser escuchados y que busquemos soluciones -en conjunto\u201d, se\u00f1al\u00f3.<\/p>\n\n\n\n<p>Asimismo, el parlamentario explic\u00f3 que, tras la visita, pudo constatar problemas graves en t\u00e9rminos de seguridad. \u201cHay un problema grave de seguridad, en primer lugar para los propios funcionarios que ejercen una labor noble e importante para nuestro pa\u00eds, quienes sufren y arriesgan su integridad f\u00edsica y ps\u00edquica frente a estos pelotazos que es la droga que se lanza desde el exterior hacia el interior del complejo\u201d.<\/p>\n\n\n\n<p>\u201cY por otra parte, -continu\u00f3,- esto complica la seguridad de la poblaci\u00f3n penal y en el exterior, hacia la propia comunidad, por lo que creo que es fundamental asumir esta problem\u00e1tica haciendo gestiones con el Ministerio de Justicia y&nbsp; de Obras P\u00fablicas\u201d.<\/p>\n\n\n\n<p>Finalmente, el parlamentario se\u00f1al\u00f3 la importancia de revisar los contratos con la empresa concesionaria del recinto penitenciario, y que para tales efectos oficiar\u00e1 desde la C\u00e1mara de Diputados al ministerio de Justicia. \u201cVamos a solicitar una fiscalizaci\u00f3n desde la C\u00e1mara de Diputados para ver c\u00f3mo se est\u00e1 cumpliendo ese contrato: los recursos que se est\u00e1n invirtiendo, las obras que se est\u00e1n realizando, los montos o precios que se est\u00e1n cobrando por situaciones de obras menores, que me comentaron, que son precios fuera de mercado comparados con obras que se realizan en situaciones normales en cualquier obra que se pueda realizar\u201d.<\/p>\n\n\n\n<p>\u201cEl servicio p\u00fablico, as\u00ed como contrata, como le pide al sector privado que se haga cargo, tiene que exigirle al mandante que cumpla normativa y fiscalizarlos\u201d, remat\u00f3.<\/p>\n","protected":false},"excerpt":{"rendered":"<p>Luego de la denuncia formulada por dirigentes de la Asociaci\u00f3n Nacional de Suboficiales de Gendarmer\u00eda (Ansog), de la regi\u00f3n de Los Lagos, quienes afirmaron que mensualmente se lanzan m\u00e1s de 500 paquetes al interior del penal de Alto Bonito, en Puerto Montt, con droga, alcohol e incluso celulares; el diputado&nbsp; de Renovaci\u00f3n Nacional por la&#8230;<a class=\"btnReadMore\" href=\"https:\/\/www.semanariolocal.cl\/?p=5738\"> Leer M\u00e1s<\/a><\/p>\n","protected":false},"author":1,"featured_media":5739,"comment_status":"closed","ping_status":"closed","sticky":false,"template":"","format":"standard","meta":{"footnotes":""},"categories":[6],"tags":[],"class_list":["post-5738","post","type-post","status-publish","format-standard","has-post-thumbnail","hentry","category-politica"],"_links":{"self":[{"href":"https:\/\/www.semanariolocal.cl\/index.php?rest_route=\/wp\/v2\/posts\/5738","targetHints":{"allow":["GET"]}}],"collection":[{"href":"https:\/\/www.semanariolocal.cl\/index.php?rest_route=\/wp\/v2\/posts"}],"about":[{"href":"https:\/\/www.semanariolocal.cl\/index.php?rest_route=\/wp\/v2\/types\/post"}],"author":[{"embeddable":true,"href":"https:\/\/www.semanariolocal.cl\/index.php?rest_route=\/wp\/v2\/users\/1"}],"replies":[{"embeddable":true,"href":"https:\/\/www.semanariolocal.cl\/index.php?rest_route=%2Fwp%2Fv2%2Fcomments&post=5738"}],"version-history":[{"count":1,"href":"https:\/\/www.semanariolocal.cl\/index.php?rest_route=\/wp\/v2\/posts\/5738\/revisions"}],"predecessor-version":[{"id":5740,"href":"https:\/\/www.semanariolocal.cl\/index.php?rest_route=\/wp\/v2\/posts\/5738\/revisions\/5740"}],"wp:featuredmedia":[{"embeddable":true,"href":"https:\/\/www.semanariolocal.cl\/index.php?rest_route=\/wp\/v2\/media\/5739"}],"wp:attachment":[{"href":"https:\/\/www.semanariolocal.cl\/index.php?rest_route=%2Fwp%2Fv2%2Fmedia&parent=5738"}],"wp:term":[{"taxonomy":"category","embeddable":true,"href":"https:\/\/www.semanariolocal.cl\/index.php?rest_route=%2Fwp%2Fv2%2Fcategories&post=5738"},{"taxonomy":"post_tag","embeddable":true,"href":"https:\/\/www.semanariolocal.cl\/index.php?rest_route=%2Fwp%2Fv2%2Ftags&post=5738"}],"curies":[{"name":"wp","href":"https:\/\/api.w.org\/{rel}","templated":true}]}}