{"id":5719,"date":"2022-05-01T07:05:00","date_gmt":"2022-05-01T11:05:00","guid":{"rendered":"https:\/\/www.semanariolocal.cl\/?p=5719"},"modified":"2022-04-29T23:50:34","modified_gmt":"2022-04-30T03:50:34","slug":"vuelven-las-rutas-calles","status":"publish","type":"post","link":"https:\/\/www.semanariolocal.cl\/?p=5719","title":{"rendered":"Vuelven las Rutas Calles"},"content":{"rendered":"\n<p>C\u00e9sar Llempi es moreno, peque\u00f1o, de claro ancestro mapuche y presenta una cojera evidente, producto de un hueso quebrado que se recuper\u00f3 como pudo, en la calle, sin atenci\u00f3n m\u00e9dica de ning\u00fan tipo. C\u00e9sar naci\u00f3 en Ca\u00f1ete, provincia de Arauco, hace m\u00e1s de medio siglo, pero lleva a\u00f1os en Chilo\u00e9, siempre viviendo en situaci\u00f3n de calle. &nbsp;<strong><\/strong><\/p>\n\n\n\n<p>Ahora est\u00e1 en el Comedor Esperanza, en las instalaciones del Hogar de Cristo de Ancud, disfrutando de una sopa de choritos, una ensalada de betarraga con cebolla y una hallulla. Mientras almuerza cuenta que no duerme en el albergue que habilit\u00f3 aqu\u00ed mismo el municipio, muy tempranamente dada la brusca llegada del fr\u00edo, el viento y la lluvia en las regiones del sur. Pese a estas inclemencias, C\u00e9sar prefiere \u201cmi casita dentro del ServiEstado, del Centro. Ah\u00ed me dejan quedarme y estoy tibiecito\u201d, cuenta, sonriente, mientras el cielo se desfonda de lluvia.<\/p>\n\n\n\n<p>No son lo mismo ni son iguales los hombres y mujeres que viven en la calle en las latitudes australes que los del Centro y el Norte, donde el fen\u00f3meno explosivo de la migraci\u00f3n ha hecho aumentar la presencia de ni\u00f1os, adolescentes y madres en situaci\u00f3n de calle, haci\u00e9ndola visible y despertando episodios de xenofonia por todos conocidos. Por estos d\u00edas, en la capital, se han convertido en tema preferente en los noticieros.<\/p>\n\n\n\n<p>Desde Los R\u00edos, Los Lagos al sur, incluyendo Magallanes, no hay familias viviendo en carpas en los bandejones centrales de las principales calles de las ciudades. El clima del extremo sur hace inviable algo as\u00ed, pero no impide que haya habido un aumento notorio de las personas en situaci\u00f3n de calle, consecuencia del empobrecimiento general dejado por la pandemia,&nbsp; del flujo migratorio \u2013aunque ac\u00e1 con menor fuerza que hacia el Norte\u2013 y de la crisis econ\u00f3mica que se refleja en el alza del costo de la vida.<\/p>\n\n\n\n<p>Han pasado dos a\u00f1os y hay una pandemia de por medio, \u00bfen cu\u00e1nto se han multiplicado las personas de calle? \u00bfCu\u00e1ntas han muerto? \u00bfCu\u00e1ntas habr\u00e1 en sectores rurales? Todas son preguntas abiertas. En Magallanes, se hablaba de un centenar hace un par de a\u00f1os, ahora Hogar de Cristo estima que esa cifra se duplic\u00f3.<\/p>\n\n\n\n<p>Los temporales recientes y el avance inexorable hacia el invierno han activado las Rutas Calle de Hogar de Cristo, lideradas por voluntarios, que hab\u00edan sido suspendidas por la pandemia. Sabemos que son iniciativas paliativas del problema, pero necesarias, a veces claves para evitar una muerte por hipotermia u otra raz\u00f3n extrema. Esa sensibilidad joven y vital contribuir\u00e1 a una contabilizaci\u00f3n m\u00e1s certera de quienes duermen a la intemperie y a combatir la urgencia, aunque aqu\u00ed lo importante es lograr soluciones estructurales a la manifestaci\u00f3n m\u00e1s dura de la pobreza: la situaci\u00f3n de calle.<\/p>\n\n\n\n<p>&nbsp;<strong>Por Yerko Villanueva, jefe de Operaci\u00f3n Social Territorial de Hogar de Cristo Los Lagos<\/strong><\/p>\n","protected":false},"excerpt":{"rendered":"<p>C\u00e9sar Llempi es moreno, peque\u00f1o, de claro ancestro mapuche y presenta una cojera evidente, producto de un hueso quebrado que se recuper\u00f3 como pudo, en la calle, sin atenci\u00f3n m\u00e9dica de ning\u00fan tipo. C\u00e9sar naci\u00f3 en Ca\u00f1ete, provincia de Arauco, hace m\u00e1s de medio siglo, pero lleva a\u00f1os en Chilo\u00e9, siempre viviendo en situaci\u00f3n de&#8230;<a class=\"btnReadMore\" href=\"https:\/\/www.semanariolocal.cl\/?p=5719\"> Leer M\u00e1s<\/a><\/p>\n","protected":false},"author":1,"featured_media":5720,"comment_status":"closed","ping_status":"closed","sticky":false,"template":"","format":"standard","meta":{"footnotes":""},"categories":[7],"tags":[],"class_list":["post-5719","post","type-post","status-publish","format-standard","has-post-thumbnail","hentry","category-opinion"],"_links":{"self":[{"href":"https:\/\/www.semanariolocal.cl\/index.php?rest_route=\/wp\/v2\/posts\/5719","targetHints":{"allow":["GET"]}}],"collection":[{"href":"https:\/\/www.semanariolocal.cl\/index.php?rest_route=\/wp\/v2\/posts"}],"about":[{"href":"https:\/\/www.semanariolocal.cl\/index.php?rest_route=\/wp\/v2\/types\/post"}],"author":[{"embeddable":true,"href":"https:\/\/www.semanariolocal.cl\/index.php?rest_route=\/wp\/v2\/users\/1"}],"replies":[{"embeddable":true,"href":"https:\/\/www.semanariolocal.cl\/index.php?rest_route=%2Fwp%2Fv2%2Fcomments&post=5719"}],"version-history":[{"count":1,"href":"https:\/\/www.semanariolocal.cl\/index.php?rest_route=\/wp\/v2\/posts\/5719\/revisions"}],"predecessor-version":[{"id":5721,"href":"https:\/\/www.semanariolocal.cl\/index.php?rest_route=\/wp\/v2\/posts\/5719\/revisions\/5721"}],"wp:featuredmedia":[{"embeddable":true,"href":"https:\/\/www.semanariolocal.cl\/index.php?rest_route=\/wp\/v2\/media\/5720"}],"wp:attachment":[{"href":"https:\/\/www.semanariolocal.cl\/index.php?rest_route=%2Fwp%2Fv2%2Fmedia&parent=5719"}],"wp:term":[{"taxonomy":"category","embeddable":true,"href":"https:\/\/www.semanariolocal.cl\/index.php?rest_route=%2Fwp%2Fv2%2Fcategories&post=5719"},{"taxonomy":"post_tag","embeddable":true,"href":"https:\/\/www.semanariolocal.cl\/index.php?rest_route=%2Fwp%2Fv2%2Ftags&post=5719"}],"curies":[{"name":"wp","href":"https:\/\/api.w.org\/{rel}","templated":true}]}}