{"id":5713,"date":"2022-04-30T07:33:00","date_gmt":"2022-04-30T11:33:00","guid":{"rendered":"https:\/\/www.semanariolocal.cl\/?p=5713"},"modified":"2022-04-29T22:33:29","modified_gmt":"2022-04-30T02:33:29","slug":"alumnos-de-santo-tomas-osorno-crearon-red-ecologica","status":"publish","type":"post","link":"https:\/\/www.semanariolocal.cl\/?p=5713","title":{"rendered":"Alumnos de Santo Tom\u00e1s Osorno crearon red ecol\u00f3gica"},"content":{"rendered":"\n<p>M\u00e1s de 40 alumnos y egresados del \u00c1rea de Ciencias Sociales del Instituto Profesional de Santo Tom\u00e1s de Osorno, conformaron una organizaci\u00f3n medioambiental denominada \u201cRed Verde\u201d, la cual busca potenciar el cuidado del medio ambiente y vincularse con otros actores del quehacer ecol\u00f3gico para lograr un cambio concreto en beneficio de las futuras generaciones.<\/p>\n\n\n\n<p>Al respecto, la Coordinadora de la Red Verde Santo Tom\u00e1s y jefa de la carrera Servicio Social, Nancy Bello, manifest\u00f3 que \u201cen la actualidad, la vinculaci\u00f3n de los actores relevantes en cuidados del medio ambiente se vuelve necesaria para la ciudadan\u00eda y las organizaciones que en sus bases consideran la protecci\u00f3n de la ecolog\u00eda como un pilar importante, en esa l\u00ednea, las instituciones Santo Tomas Osorno han tomado como un desaf\u00edo real concretar esta iniciativa colaborativa\u201d.<\/p>\n\n\n\n<p>La ceremonia de lanzamiento en la que adem\u00e1s las y los alumnos firmaron un libro de registro e inscripci\u00f3n de socios como parte de su ingreso formal y recibieron credenciales con el Logo \u201cRed Verde Santo Tom\u00e1s\u201d, cont\u00f3 con la presencia de autoridades institucionales, como el Rector Eugenio Larra\u00edn y la Directora Acad\u00e9mica Ingrid Lazen y diversos actores medioambientales, entre ellos el Presidente de la Red Ambiental de Osorno Ricardo Becerra y la concejal Cecilia Canales, Presidenta de la Comisi\u00f3n de Medio Ambiente del Concejo Municipal de Osorno, quienes felicitaron a la Instituci\u00f3n y a los alumnos por tan importante conformaci\u00f3n, como as\u00ed tambi\u00e9n ofrecieron su apoyo para un trabajo en conjunto.<\/p>\n\n\n\n<p>Al respecto, el Rector Eugenio Larra\u00edn, agradeci\u00f3 el inter\u00e9s y asegur\u00f3 que entre los objetivos de la Red Verde Santo Tom\u00e1s se encuentran potenciar e incrementar la red de apoyo en tem\u00e1ticas ambientales de la comuna y la regi\u00f3n, invit\u00e1ndolos a continuar trabajando en este tipo de iniciativas que van en directo beneficio de los habitantes de la zona.<\/p>\n\n\n\n<p>En la oportunidad, el arte tambi\u00e9n estuvo presente en la voz y actuaci\u00f3n de la reconocida escritora y artista Hilda Rozas, quien deleit\u00f3 a la audiencia con una narraci\u00f3n de un cuentacuentos titulado \u201cEl \u00e1rbol de ulmo y el sastre de sombras\u201d.<\/p>\n\n\n\n<p>Otra de las instancias que llam\u00f3 la atenci\u00f3n de los presentes fue el juramento efectuado por las y los alumnos, que dec\u00eda as\u00ed:<\/p>\n\n\n\n<p>\u201cConociendo la gravedad y complejidad de los problemas ambientales que afectan al mundo contempor\u00e1neo, reconociendo la importancia del cuidado del medio ambiente para la calidad de vida tanto m\u00eda, como de mis seres queridos y la humanidad toda, y entendiendo que somos parte integral de la naturaleza y que sin ella no podemos sobrevivir, juro y me comprometo a proteger, cuidar y ser un protector de la naturaleza, de la biodiversidad comprometi\u00e9ndome a adoptar y difundir h\u00e1bitos y conductas que transformen la sociedad para lograr el desarrollo sustentable y la mejora de la calidad de vida de los habitantes del planeta, resguardando el derecho de las futuras generaciones de acceder a las mismas posibilidades a las que yo accedo hoy\u201d.<\/p>\n\n\n\n<p>Finalmente los alumnos y egresados destacaron que la carta de la tierra, nos invita a la reflexi\u00f3n, en ella se refrendan principios \u00e9ticos inevitables de cumplir en la vida social si se quiere salvaguardar el medio ambiente y la especie humana, por lo que se debe respetar la tierra y la vida en toda su diversidad, cuidar la comunidad de la vida con entendimiento, compasi\u00f3n y amor entre los humanos, construir sociedades democr\u00e1ticas que sean justas, participativas, sostenibles y pac\u00edficas, y garantizar el cuidado de los frutos y la belleza de la tierra para el disfrute y el desarrollo vital de las generaciones del presente y el futuro.<\/p>\n","protected":false},"excerpt":{"rendered":"<p>M\u00e1s de 40 alumnos y egresados del \u00c1rea de Ciencias Sociales del Instituto Profesional de Santo Tom\u00e1s de Osorno, conformaron una organizaci\u00f3n medioambiental denominada \u201cRed Verde\u201d, la cual busca potenciar el cuidado del medio ambiente y vincularse con otros actores del quehacer ecol\u00f3gico para lograr un cambio concreto en beneficio de las futuras generaciones. Al&#8230;<a class=\"btnReadMore\" href=\"https:\/\/www.semanariolocal.cl\/?p=5713\"> Leer M\u00e1s<\/a><\/p>\n","protected":false},"author":1,"featured_media":5714,"comment_status":"closed","ping_status":"closed","sticky":false,"template":"","format":"standard","meta":{"footnotes":""},"categories":[11],"tags":[],"class_list":["post-5713","post","type-post","status-publish","format-standard","has-post-thumbnail","hentry","category-educacion"],"_links":{"self":[{"href":"https:\/\/www.semanariolocal.cl\/index.php?rest_route=\/wp\/v2\/posts\/5713","targetHints":{"allow":["GET"]}}],"collection":[{"href":"https:\/\/www.semanariolocal.cl\/index.php?rest_route=\/wp\/v2\/posts"}],"about":[{"href":"https:\/\/www.semanariolocal.cl\/index.php?rest_route=\/wp\/v2\/types\/post"}],"author":[{"embeddable":true,"href":"https:\/\/www.semanariolocal.cl\/index.php?rest_route=\/wp\/v2\/users\/1"}],"replies":[{"embeddable":true,"href":"https:\/\/www.semanariolocal.cl\/index.php?rest_route=%2Fwp%2Fv2%2Fcomments&post=5713"}],"version-history":[{"count":1,"href":"https:\/\/www.semanariolocal.cl\/index.php?rest_route=\/wp\/v2\/posts\/5713\/revisions"}],"predecessor-version":[{"id":5715,"href":"https:\/\/www.semanariolocal.cl\/index.php?rest_route=\/wp\/v2\/posts\/5713\/revisions\/5715"}],"wp:featuredmedia":[{"embeddable":true,"href":"https:\/\/www.semanariolocal.cl\/index.php?rest_route=\/wp\/v2\/media\/5714"}],"wp:attachment":[{"href":"https:\/\/www.semanariolocal.cl\/index.php?rest_route=%2Fwp%2Fv2%2Fmedia&parent=5713"}],"wp:term":[{"taxonomy":"category","embeddable":true,"href":"https:\/\/www.semanariolocal.cl\/index.php?rest_route=%2Fwp%2Fv2%2Fcategories&post=5713"},{"taxonomy":"post_tag","embeddable":true,"href":"https:\/\/www.semanariolocal.cl\/index.php?rest_route=%2Fwp%2Fv2%2Ftags&post=5713"}],"curies":[{"name":"wp","href":"https:\/\/api.w.org\/{rel}","templated":true}]}}