{"id":5698,"date":"2022-04-30T08:00:00","date_gmt":"2022-04-30T12:00:00","guid":{"rendered":"https:\/\/www.semanariolocal.cl\/?p=5698"},"modified":"2022-04-29T22:17:06","modified_gmt":"2022-04-30T02:17:06","slug":"diputado-jurgensen-pide-a-contraloria-investigar-y-sancionar-filtracion-de-datos-de-servel","status":"publish","type":"post","link":"https:\/\/www.semanariolocal.cl\/?p=5698","title":{"rendered":"Diputado J\u00fcrgensen pide a Contralor\u00eda investigar y sancionar  filtraci\u00f3n de datos de SERVEL"},"content":{"rendered":"\n<p>A trav\u00e9s de un oficio enviado por el parlamentario al Contralor General de la Rep\u00fablica, el Diputado Harry J\u00fcrgensen solicit\u00f3 se inicie investigaci\u00f3n sobre la publicaci\u00f3n de datos personales de todo el padr\u00f3n electoral en la p\u00e1gina web del SERVEL, que se formulen cargos y se apliquen las sanciones correspondientes a quien resulte responsable.<\/p>\n\n\n\n<p>Lo anterior dado que el d\u00eda 27 de abril de 2022 se difundi\u00f3 en la p\u00e1gina web del Servicio Electoral una base de datos que conten\u00eda datos sensibles de electores, produci\u00e9ndose una grave vulneraci\u00f3n de la reserva de datos de todos los electores del padr\u00f3n electoral de las elecciones realizadas en mayo de 2021.<\/p>\n\n\n\n<p>El diputado se\u00f1al\u00f3 \u201ces preocupante el descuido de un servicio p\u00fablico en el manejo de datos sensibles de m\u00e1s de 15 millones de electores, que individualizados con el RUN de cada uno se inform\u00f3 no s\u00f3lo nuestra edad y sexo, sino tambi\u00e9n comuna, afiliaci\u00f3n a partido pol\u00edtico, pueblo originario y la condici\u00f3n de haber o no votado en la elecci\u00f3n de mayo de 2021<\/p>\n\n\n\n<p>Adicionalmente, el legislador indic\u00f3 que \u201ces insuficiente que se ordenara bajar la informaci\u00f3n y se lamente la situaci\u00f3n, es necesario que se investiguen los hechos y se apliquen las m\u00e1s duras sanciones contra los responsables, nadie puede exponer as\u00ed la informaci\u00f3n personal de otros\u201d.<\/p>\n\n\n\n<p>En el mencionado documento el diputado por la Regi\u00f3n de Los Lagos tambi\u00e9n solicit\u00f3 &nbsp;que Servel informe cu\u00e1nto tiempo estuvo publicada la base de datos en su web y el n\u00famero de visualizaciones y\/o descargas que se realizaron de la misma.<\/p>\n\n\n\n<p><strong>Nueva ley de tratamiento de datos personales<br><\/strong><br>El parlamentario reconoci\u00f3 que \u201ces poco lo que podemos hacer hoy los ciudadanos frente una filtraci\u00f3n de nuestros datos\u201d, por lo que realiz\u00f3 un llamado a sus colegas en el Congreso a darle una \u00e1gil tramitaci\u00f3n legislativa al proyecto de ley que \u201cRegula la protecci\u00f3n y el tratamiento de los datos personales y crea la Agencia de Protecci\u00f3n de Datos Personales\u201d.<\/p>\n","protected":false},"excerpt":{"rendered":"<p>A trav\u00e9s de un oficio enviado por el parlamentario al Contralor General de la Rep\u00fablica, el Diputado Harry J\u00fcrgensen solicit\u00f3 se inicie investigaci\u00f3n sobre la publicaci\u00f3n de datos personales de todo el padr\u00f3n electoral en la p\u00e1gina web del SERVEL, que se formulen cargos y se apliquen las sanciones correspondientes a quien resulte responsable. Lo&#8230;<a class=\"btnReadMore\" href=\"https:\/\/www.semanariolocal.cl\/?p=5698\"> Leer M\u00e1s<\/a><\/p>\n","protected":false},"author":1,"featured_media":5699,"comment_status":"closed","ping_status":"closed","sticky":false,"template":"","format":"standard","meta":{"footnotes":""},"categories":[6],"tags":[],"class_list":["post-5698","post","type-post","status-publish","format-standard","has-post-thumbnail","hentry","category-politica"],"_links":{"self":[{"href":"https:\/\/www.semanariolocal.cl\/index.php?rest_route=\/wp\/v2\/posts\/5698","targetHints":{"allow":["GET"]}}],"collection":[{"href":"https:\/\/www.semanariolocal.cl\/index.php?rest_route=\/wp\/v2\/posts"}],"about":[{"href":"https:\/\/www.semanariolocal.cl\/index.php?rest_route=\/wp\/v2\/types\/post"}],"author":[{"embeddable":true,"href":"https:\/\/www.semanariolocal.cl\/index.php?rest_route=\/wp\/v2\/users\/1"}],"replies":[{"embeddable":true,"href":"https:\/\/www.semanariolocal.cl\/index.php?rest_route=%2Fwp%2Fv2%2Fcomments&post=5698"}],"version-history":[{"count":1,"href":"https:\/\/www.semanariolocal.cl\/index.php?rest_route=\/wp\/v2\/posts\/5698\/revisions"}],"predecessor-version":[{"id":5700,"href":"https:\/\/www.semanariolocal.cl\/index.php?rest_route=\/wp\/v2\/posts\/5698\/revisions\/5700"}],"wp:featuredmedia":[{"embeddable":true,"href":"https:\/\/www.semanariolocal.cl\/index.php?rest_route=\/wp\/v2\/media\/5699"}],"wp:attachment":[{"href":"https:\/\/www.semanariolocal.cl\/index.php?rest_route=%2Fwp%2Fv2%2Fmedia&parent=5698"}],"wp:term":[{"taxonomy":"category","embeddable":true,"href":"https:\/\/www.semanariolocal.cl\/index.php?rest_route=%2Fwp%2Fv2%2Fcategories&post=5698"},{"taxonomy":"post_tag","embeddable":true,"href":"https:\/\/www.semanariolocal.cl\/index.php?rest_route=%2Fwp%2Fv2%2Ftags&post=5698"}],"curies":[{"name":"wp","href":"https:\/\/api.w.org\/{rel}","templated":true}]}}