{"id":5674,"date":"2022-04-27T07:35:00","date_gmt":"2022-04-27T11:35:00","guid":{"rendered":"https:\/\/www.semanariolocal.cl\/?p=5674"},"modified":"2022-04-27T22:37:37","modified_gmt":"2022-04-28T02:37:37","slug":"deportistas-regionales-destacaron-en-el-campeonato-nacional-de-natacion","status":"publish","type":"post","link":"https:\/\/www.semanariolocal.cl\/?p=5674","title":{"rendered":"Deportistas regionales destacaron en el Campeonato Nacional de Nataci\u00f3n"},"content":{"rendered":"\n<p>Monserrat Berger de 11 a\u00f1os&nbsp;del Club de Nataci\u00f3n Los Lagos de Puerto Montt obtuvo el segundo lugar en la categor\u00eda infantil A damas, en el Campeonato Nacional de Nataci\u00f3n en Aguas Abiertas, organizado por la Federaci\u00f3n Chilena de Deportes Acu\u00e1ticos y realizado en la laguna \u201cEl Morro\u201d, ubicada en la comuna de San Bernardo, Regi\u00f3n Metropolitana.<\/p>\n\n\n\n<p>La competencia congreg\u00f3 a m\u00e1s de 150 deportistas en las categor\u00edas Infantil, Juvenil, Junior, Todo Competidor y M\u00e1ster.<\/p>\n\n\n\n<p>En este certamen tambi\u00e9n participaron: Alondra Jara de 13 a\u00f1os del Club de Nataci\u00f3n Los Lagos, quien se ubic\u00f3 en el cuarto lugar en los 2 kil\u00f3metros, categor\u00eda Infantil B damas; Renata Hern\u00e1ndez de 14 a\u00f1os del Club Lake Team de Puerto Varas, quien logr\u00f3 el cuarto lugar en los 5 kil\u00f3metros, categor\u00eda Juvenil A damas; Aquiles Cort\u00e9s de 17 a\u00f1os obtuvo el quinto lugar en los 7,5 kil\u00f3metros y tercer lugar en los 10 kil\u00f3metros, categor\u00eda Juvenil B varones y \u00darsula Morales de 13 a\u00f1os conquist\u00f3 el sexto lugar en los 2 kil\u00f3metros, categor\u00eda infantil B damas, ambos deportistas son del Club de Nataci\u00f3n Los Lagos.<\/p>\n\n\n\n<p>La Seremi del Deporte, Carolina Urrutia Soto, destac\u00f3 la participaci\u00f3n de los deportistas y el apoyo constante de los padres y apoderados, adem\u00e1s, agradeci\u00f3 la colaboraci\u00f3n en las actividades de la Universidad de Los Lagos y el Centro de Acondicionamiento F\u00edsico (CAF) que dirige Gabriela Vel\u00e1squez y por permitir utilizar sus dependencias deportivas para la preparaci\u00f3n de los y las deportistas. Asimismo, agradeci\u00f3 la labor de los t\u00e9cnicos, Paulina Fuentealba, entrenadora del programa Entrenamiento Promesas Chile Infantil de Ciclismo; Francisco Matthies, Metod\u00f3logo IND y Yesica Balc\u00e1zar, entrenadora CAF, ya que, ellos son los que planifican y les entregan todo su conocimiento y experiencia, para su formaci\u00f3n y b\u00fasqueda de objetivos.<\/p>\n\n\n\n<p>Cabe indicar, que la Regi\u00f3n de Los Lagos se ubic\u00f3 en el 6\u00b0 lugar por equipos, de un total de 16 participantes.<\/p>\n","protected":false},"excerpt":{"rendered":"<p>Monserrat Berger de 11 a\u00f1os&nbsp;del Club de Nataci\u00f3n Los Lagos de Puerto Montt obtuvo el segundo lugar en la categor\u00eda infantil A damas, en el Campeonato Nacional de Nataci\u00f3n en Aguas Abiertas, organizado por la Federaci\u00f3n Chilena de Deportes Acu\u00e1ticos y realizado en la laguna \u201cEl Morro\u201d, ubicada en la comuna de San Bernardo, Regi\u00f3n&#8230;<a class=\"btnReadMore\" href=\"https:\/\/www.semanariolocal.cl\/?p=5674\"> Leer M\u00e1s<\/a><\/p>\n","protected":false},"author":1,"featured_media":5675,"comment_status":"closed","ping_status":"closed","sticky":false,"template":"","format":"standard","meta":{"footnotes":""},"categories":[3],"tags":[],"class_list":["post-5674","post","type-post","status-publish","format-standard","has-post-thumbnail","hentry","category-al-dia"],"_links":{"self":[{"href":"https:\/\/www.semanariolocal.cl\/index.php?rest_route=\/wp\/v2\/posts\/5674","targetHints":{"allow":["GET"]}}],"collection":[{"href":"https:\/\/www.semanariolocal.cl\/index.php?rest_route=\/wp\/v2\/posts"}],"about":[{"href":"https:\/\/www.semanariolocal.cl\/index.php?rest_route=\/wp\/v2\/types\/post"}],"author":[{"embeddable":true,"href":"https:\/\/www.semanariolocal.cl\/index.php?rest_route=\/wp\/v2\/users\/1"}],"replies":[{"embeddable":true,"href":"https:\/\/www.semanariolocal.cl\/index.php?rest_route=%2Fwp%2Fv2%2Fcomments&post=5674"}],"version-history":[{"count":1,"href":"https:\/\/www.semanariolocal.cl\/index.php?rest_route=\/wp\/v2\/posts\/5674\/revisions"}],"predecessor-version":[{"id":5676,"href":"https:\/\/www.semanariolocal.cl\/index.php?rest_route=\/wp\/v2\/posts\/5674\/revisions\/5676"}],"wp:featuredmedia":[{"embeddable":true,"href":"https:\/\/www.semanariolocal.cl\/index.php?rest_route=\/wp\/v2\/media\/5675"}],"wp:attachment":[{"href":"https:\/\/www.semanariolocal.cl\/index.php?rest_route=%2Fwp%2Fv2%2Fmedia&parent=5674"}],"wp:term":[{"taxonomy":"category","embeddable":true,"href":"https:\/\/www.semanariolocal.cl\/index.php?rest_route=%2Fwp%2Fv2%2Fcategories&post=5674"},{"taxonomy":"post_tag","embeddable":true,"href":"https:\/\/www.semanariolocal.cl\/index.php?rest_route=%2Fwp%2Fv2%2Ftags&post=5674"}],"curies":[{"name":"wp","href":"https:\/\/api.w.org\/{rel}","templated":true}]}}