{"id":5669,"date":"2022-04-27T08:32:00","date_gmt":"2022-04-27T12:32:00","guid":{"rendered":"https:\/\/www.semanariolocal.cl\/?p=5669"},"modified":"2022-04-27T22:35:40","modified_gmt":"2022-04-28T02:35:40","slug":"cumbre-iberoamericana-de-transparencia-aborda-desafios-como-la-desinformacion-y-la-corrupcion-a-nivel-regional","status":"publish","type":"post","link":"https:\/\/www.semanariolocal.cl\/?p=5669","title":{"rendered":"Cumbre iberoamericana aborda desaf\u00edos como la desinformaci\u00f3n y la corrupci\u00f3n a nivel regional"},"content":{"rendered":"\n<p>Ante representantes de m\u00e1s de treinta entidades miembros que forman parte de la Red de Transparencia y Acceso a la informaci\u00f3n (RTA) de pa\u00edses iberoamericanos reunidos en Santiago, se realiz\u00f3 esta ma\u00f1ana la inauguraci\u00f3n del XXII encuentro de este grupo, en el que se abordar\u00e1n diversos temas asociados a transparencia, entre otros, el trabajo en materias de colectivos vulnerables y transparencia municipal, entre otros durante la jornada del martes 26 y mi\u00e9rcoles 27 de abril.<\/p>\n\n\n\n<p>\u201cEsta red re\u00fane a los organismos garantes de acceso a la informaci\u00f3n p\u00fablica\u201d, explic\u00f3 la titular del Consejo para la Transparencia, entidad que adem\u00e1s desempe\u00f1a el rol de secretar\u00eda ejecutiva de esta instancia internacional. \u201cEl acceso a informaci\u00f3n p\u00fablica es un pilar fundamental en nuestras democracias, que est\u00e1n en una situaci\u00f3n compleja en distintos lugares en el mundo producto de la pandemia, de crisis sociales y de las propias crisis de los sistemas democr\u00e1ticos\u201d, dijo. \u201cEstamos comprometidos con la tarea de hacer realidad este derecho fundamental\u201d, espet\u00f3.<\/p>\n\n\n\n<p>Las presidentas del Instituto Nacional de Transparencia, Acceso a la Informaci\u00f3n y Protecci\u00f3n de Datos Personales (INAI) de M\u00e9xico, Blanca Lilia Ibarra, y del Consejo para la Transparencia, Gloria de la Fuente, quienes adem\u00e1s ocupan la presidencia y secretar\u00eda ejecutiva de la RTA, respectivamente, estuvieron acompa\u00f1adas en la actividad por la subsecretar\u00eda de la Secretar\u00eda General de la Presidencia (SEGPRES), Macarena Lobos, el ex presidente de la Rep\u00fablica Ricardo Lagos, y Anna Terr\u00f3n, Directora de la Fundaci\u00f3n Internacional y para Iberoam\u00e9rica de Administraci\u00f3n y Pol\u00edticas P\u00fablicas (FIIAPP).<\/p>\n\n\n\n<p>La representante del INAI de M\u00e9xico y presidenta de la RTA plante\u00f3 que este evento es un espacio que nos brinda la oportunidad de fortalecer la red, porque es a trav\u00e9s de este tipo de encuentros que podemos saber de los avances de nuestros pares y atisbar horizontes de nuestra competencia.<\/p>\n\n\n\n<p>En tanto, el ex mandatario se refiri\u00f3 a los desaf\u00edos que plantea para los distintos pa\u00edses \u201cuna crisis de la envergadura\u201d, \u201cen qu\u00e9 medida somos capaces de enfrentar la desinformaci\u00f3n, las noticias falsas y la contaminaci\u00f3n informativa, y los est\u00e1ndares \u00e9ticos que se van a establecer en el futuro en los distintos pa\u00edses.<\/p>\n\n\n\n<p>En esta misma l\u00ednea, la presidenta del Consejo afirm\u00f3 que los retos asociados a las redes y plataformas de informaci\u00f3n \u201cno son ajenos a esta Red y por lo tanto necesitamos que este encuentro sea diverso y amplio en las formas de discutir sus pr\u00f3ximos desaf\u00edos. Implementar las leyes de acceso a la informaci\u00f3n p\u00fablica no significan lo mismo que hacer 10 o 12 a\u00f1os atr\u00e1s\u201d.<\/p>\n\n\n\n<p>Por su parte, la subsecretaria Segpres, Macarena Lobos ,coment\u00f3 que en poco m\u00e1s de una d\u00e9cada se ha transitado desde el paradigma del secretismo a la apertura y el acceso a informaci\u00f3n p\u00fablica como derecho garantizado. \u201cEstamos contentos porque hemos avanzado, pero nos queda mucho camino por recorrer\u201d, agreg\u00f3. Ante la crisis de confianza, se\u00f1al\u00f3, la informaci\u00f3n es una herramienta fundamental.<\/p>\n\n\n\n<p>La directora de la Fundaci\u00f3n Internacional y para Iberoam\u00e9rica de Administraci\u00f3n y Pol\u00edticas P\u00fablicas, Anna Terr\u00f3n, enfatiz\u00f3 en los peligros que afectan a nuestras sociedades y la idea del mundo y c\u00f3mo queremos que evolucionen los pa\u00edses. Por ello apunt\u00f3 a la necesidad de implementar pol\u00edticas p\u00fablicas eficaces, eficientes y efectivas.<\/p>\n","protected":false},"excerpt":{"rendered":"<p>Ante representantes de m\u00e1s de treinta entidades miembros que forman parte de la Red de Transparencia y Acceso a la informaci\u00f3n (RTA) de pa\u00edses iberoamericanos reunidos en Santiago, se realiz\u00f3 esta ma\u00f1ana la inauguraci\u00f3n del XXII encuentro de este grupo, en el que se abordar\u00e1n diversos temas asociados a transparencia, entre otros, el trabajo en&#8230;<a class=\"btnReadMore\" href=\"https:\/\/www.semanariolocal.cl\/?p=5669\"> Leer M\u00e1s<\/a><\/p>\n","protected":false},"author":1,"featured_media":5670,"comment_status":"closed","ping_status":"closed","sticky":false,"template":"","format":"standard","meta":{"footnotes":""},"categories":[3],"tags":[],"class_list":["post-5669","post","type-post","status-publish","format-standard","has-post-thumbnail","hentry","category-al-dia"],"_links":{"self":[{"href":"https:\/\/www.semanariolocal.cl\/index.php?rest_route=\/wp\/v2\/posts\/5669","targetHints":{"allow":["GET"]}}],"collection":[{"href":"https:\/\/www.semanariolocal.cl\/index.php?rest_route=\/wp\/v2\/posts"}],"about":[{"href":"https:\/\/www.semanariolocal.cl\/index.php?rest_route=\/wp\/v2\/types\/post"}],"author":[{"embeddable":true,"href":"https:\/\/www.semanariolocal.cl\/index.php?rest_route=\/wp\/v2\/users\/1"}],"replies":[{"embeddable":true,"href":"https:\/\/www.semanariolocal.cl\/index.php?rest_route=%2Fwp%2Fv2%2Fcomments&post=5669"}],"version-history":[{"count":2,"href":"https:\/\/www.semanariolocal.cl\/index.php?rest_route=\/wp\/v2\/posts\/5669\/revisions"}],"predecessor-version":[{"id":5673,"href":"https:\/\/www.semanariolocal.cl\/index.php?rest_route=\/wp\/v2\/posts\/5669\/revisions\/5673"}],"wp:featuredmedia":[{"embeddable":true,"href":"https:\/\/www.semanariolocal.cl\/index.php?rest_route=\/wp\/v2\/media\/5670"}],"wp:attachment":[{"href":"https:\/\/www.semanariolocal.cl\/index.php?rest_route=%2Fwp%2Fv2%2Fmedia&parent=5669"}],"wp:term":[{"taxonomy":"category","embeddable":true,"href":"https:\/\/www.semanariolocal.cl\/index.php?rest_route=%2Fwp%2Fv2%2Fcategories&post=5669"},{"taxonomy":"post_tag","embeddable":true,"href":"https:\/\/www.semanariolocal.cl\/index.php?rest_route=%2Fwp%2Fv2%2Ftags&post=5669"}],"curies":[{"name":"wp","href":"https:\/\/api.w.org\/{rel}","templated":true}]}}