{"id":5663,"date":"2022-04-27T09:30:00","date_gmt":"2022-04-27T13:30:00","guid":{"rendered":"https:\/\/www.semanariolocal.cl\/?p=5663"},"modified":"2022-04-27T22:24:03","modified_gmt":"2022-04-28T02:24:03","slug":"diputado-hector-barria-se-refirio-a-los-servicios-locales-de-educacion-publica","status":"publish","type":"post","link":"https:\/\/www.semanariolocal.cl\/?p=5663","title":{"rendered":"Diputado H\u00e9ctor Barr\u00eda se refiri\u00f3 a los Servicios Locales de Educaci\u00f3n P\u00fablica"},"content":{"rendered":"\n<p>El diputado, H\u00e9ctor Barr\u00eda Angulo, manifest\u00f3 su preocupaci\u00f3n por el funcionamiento del Servicio Local de Educaci\u00f3n P\u00fablica de Llanquihue, y la dificultad de la implementaci\u00f3n de los 18 servicios locales restantes de una sola vez.<\/p>\n\n\n\n<p>Desde el Ministerio de Educaci\u00f3n, se confirm\u00f3 que el Gobierno presentar\u00e1 una iniciativa legal que busca modificar el actual calendario de implementaci\u00f3n de los Servicios Locales de Educaci\u00f3n P\u00fablica, y que estos deben hacerse de manera paulatina, con un n\u00famero pertinente y no los 18 que fija la Ley.<\/p>\n\n\n\n<p><strong>En relaci\u00f3n a esto el Diputado H\u00e9ctor Barria Agreg\u00f3<\/strong>;&nbsp;<em>\u201cRecogemos de buena manera las palabras de Ministro de Educaci\u00f3n, quien ha se\u00f1alado que se le pondr\u00e1 pausa en la aplicaci\u00f3n de los SLEP en las nuevas Comunas\u201d (..) \u201cLa desaparici\u00f3n de los DAEM, est\u00e1 generando problemas como despidos de trabajadoras y trabajadores con mucha experiencia en los departamentos de educaci\u00f3n municipal\u201d.<\/em><\/p>\n\n\n\n<p><strong>En relaci\u00f3n al funcionamiento del Servicio Local de Educaci\u00f3n P\u00fablica de Llanquihue, el Diputado H\u00e9ctor Barria indic\u00f3 lo siguiente<\/strong>,&nbsp;<em>\u201cla aplicaci\u00f3n del SLEP, la administraci\u00f3n bajos los sistemas locales de educaci\u00f3n p\u00fablica, no ha sido de lo mejor, licitaciones desiertas, poca resolutividad, un SLEP que no tiene una relaci\u00f3n jer\u00e1rquica con la Seremia de Educaci\u00f3n, son varias las falencias\u201d. (..) \u201cpor otra parte no est\u00e1 provocando cambios concretos y reales para los profesores, para los asistentes de la educaci\u00f3n, para los ni\u00f1os y ni\u00f1as\u2026 transporte escolar que no funciona, falta de calefacci\u00f3n\u201d,&nbsp;<\/em>manifest\u00f3 el Diputado.<\/p>\n\n\n\n<p><strong>Finalmente, H\u00e9ctor Barr\u00eda indic\u00f3 que como diputado de la regi\u00f3n de los y como integrante de la comisi\u00f3n de educaci\u00f3n<\/strong>;&nbsp;<em>\u201chicimos presente esta situaci\u00f3n en las comisiones respectivas; por lo tanto, estamos de alguna u otra manera, alegres de que estos reclamos presentados por la comunidad, de Llanquihue, Frutillar, Tegualda (Fresia), est\u00e9 provocando algunos efectos en las decisiones del Gobierno\u201d.<\/em><\/p>\n","protected":false},"excerpt":{"rendered":"<p>El diputado, H\u00e9ctor Barr\u00eda Angulo, manifest\u00f3 su preocupaci\u00f3n por el funcionamiento del Servicio Local de Educaci\u00f3n P\u00fablica de Llanquihue, y la dificultad de la implementaci\u00f3n de los 18 servicios locales restantes de una sola vez. Desde el Ministerio de Educaci\u00f3n, se confirm\u00f3 que el Gobierno presentar\u00e1 una iniciativa legal que busca modificar el actual calendario&#8230;<a class=\"btnReadMore\" href=\"https:\/\/www.semanariolocal.cl\/?p=5663\"> Leer M\u00e1s<\/a><\/p>\n","protected":false},"author":1,"featured_media":5664,"comment_status":"closed","ping_status":"closed","sticky":false,"template":"","format":"standard","meta":{"footnotes":""},"categories":[6],"tags":[],"class_list":["post-5663","post","type-post","status-publish","format-standard","has-post-thumbnail","hentry","category-politica"],"_links":{"self":[{"href":"https:\/\/www.semanariolocal.cl\/index.php?rest_route=\/wp\/v2\/posts\/5663","targetHints":{"allow":["GET"]}}],"collection":[{"href":"https:\/\/www.semanariolocal.cl\/index.php?rest_route=\/wp\/v2\/posts"}],"about":[{"href":"https:\/\/www.semanariolocal.cl\/index.php?rest_route=\/wp\/v2\/types\/post"}],"author":[{"embeddable":true,"href":"https:\/\/www.semanariolocal.cl\/index.php?rest_route=\/wp\/v2\/users\/1"}],"replies":[{"embeddable":true,"href":"https:\/\/www.semanariolocal.cl\/index.php?rest_route=%2Fwp%2Fv2%2Fcomments&post=5663"}],"version-history":[{"count":1,"href":"https:\/\/www.semanariolocal.cl\/index.php?rest_route=\/wp\/v2\/posts\/5663\/revisions"}],"predecessor-version":[{"id":5665,"href":"https:\/\/www.semanariolocal.cl\/index.php?rest_route=\/wp\/v2\/posts\/5663\/revisions\/5665"}],"wp:featuredmedia":[{"embeddable":true,"href":"https:\/\/www.semanariolocal.cl\/index.php?rest_route=\/wp\/v2\/media\/5664"}],"wp:attachment":[{"href":"https:\/\/www.semanariolocal.cl\/index.php?rest_route=%2Fwp%2Fv2%2Fmedia&parent=5663"}],"wp:term":[{"taxonomy":"category","embeddable":true,"href":"https:\/\/www.semanariolocal.cl\/index.php?rest_route=%2Fwp%2Fv2%2Fcategories&post=5663"},{"taxonomy":"post_tag","embeddable":true,"href":"https:\/\/www.semanariolocal.cl\/index.php?rest_route=%2Fwp%2Fv2%2Ftags&post=5663"}],"curies":[{"name":"wp","href":"https:\/\/api.w.org\/{rel}","templated":true}]}}