{"id":5657,"date":"2022-04-27T10:15:00","date_gmt":"2022-04-27T14:15:00","guid":{"rendered":"https:\/\/www.semanariolocal.cl\/?p=5657"},"modified":"2022-04-27T22:17:24","modified_gmt":"2022-04-28T02:17:24","slug":"diputados-republicanos-buscan-eliminar-cobro-de-contribuciones-a-adultos-mayores-2","status":"publish","type":"post","link":"https:\/\/www.semanariolocal.cl\/?p=5657","title":{"rendered":"Diputados Republicanos buscan eliminar cobro de contribuciones a adultos mayores"},"content":{"rendered":"\n<p>En un escrito ingresado por diputados de la bancada republicana se le solicita al Presidente Gabriel Boric, al Ministro de Hacienda, Mario Marcel, y al Ministro de Vivienda, Carlos Montes, que presenten un proyecto de ley que establezca una exenci\u00f3n total del pago de contribuciones a los adultos mayores y a quienes compren o adquieran su primera vivienda.<\/p>\n\n\n\n<p>El documento se\u00f1ala que lamentablemente, la pandemia de COVID-19, la falta de inversi\u00f3n, la inestabilidad social y pol\u00edtica, la inflaci\u00f3n, el alza en el precio de los materiales, el desempleo, el alto nivel impositivo y el aumento progresivo de las tasas de cr\u00e9ditos hipotecarios, est\u00e1 provocando que cada d\u00eda sea m\u00e1s dif\u00edcil comprar o adquirir una vivienda propia. Y quienes logran sortear estas notorias dificultades y tratan de conseguir su primera vivienda, se encuentran con un nuevo obst\u00e1culo, el pago de las denominadas \u201ccontribuciones\u201d.<\/p>\n\n\n\n<p>Sobre el proyecto de resoluci\u00f3n el Diputado Harry J\u00fcrgensen (Ind- Republican) indic\u00f3 que \u201cbuscamos que el ejecutivo haga uso de su iniciativa exclusiva de ley, para que ingrese un proyecto para liberar de la pesada carga de pagar contribuciones por la casa en que viven los adultos mayores y la clase media.\u201d Agreg\u00f3 que \u201cla casa propia es la concreci\u00f3n de un sue\u00f1o personal y familiar, pero, incluso despu\u00e9s de haberla pagado completamente las personas deben continuar pagando permanentemente al estado para mantener como suyo algo que les es propio, y que adem\u00e1s es su hogar.\u201d<\/p>\n\n\n\n<p>El parlamentario por el distrito 25 se\u00f1al\u00f3 que \u201cSi el gobierno tiene una real preocupaci\u00f3n por el alza del costo de vida, lo primero que debe hacer es recortar los cobros injustos que le realiza a las personas, en ese sentido, exigirle a la clase media o a los adultos mayores que paguen contribuciones por tener una casa propia resulta m\u00e1s un castigo que un reconocimiento al trabajo y esfuerzo de toda una vida, por lo que es de justicia que a estos grupos se les exima del pago de este tributo.\u201d&nbsp;<\/p>\n","protected":false},"excerpt":{"rendered":"<p>La iniciativa tiene por objetivo ir en ayuda de aquellas personas que no tienen la situaci\u00f3n econ\u00f3mica para pagar est\u00e1 carga tributaria en las condiciones econ\u00f3micas actuales.<\/p>\n","protected":false},"author":1,"featured_media":5658,"comment_status":"closed","ping_status":"closed","sticky":false,"template":"","format":"standard","meta":{"footnotes":""},"categories":[3],"tags":[],"class_list":["post-5657","post","type-post","status-publish","format-standard","has-post-thumbnail","hentry","category-al-dia"],"_links":{"self":[{"href":"https:\/\/www.semanariolocal.cl\/index.php?rest_route=\/wp\/v2\/posts\/5657","targetHints":{"allow":["GET"]}}],"collection":[{"href":"https:\/\/www.semanariolocal.cl\/index.php?rest_route=\/wp\/v2\/posts"}],"about":[{"href":"https:\/\/www.semanariolocal.cl\/index.php?rest_route=\/wp\/v2\/types\/post"}],"author":[{"embeddable":true,"href":"https:\/\/www.semanariolocal.cl\/index.php?rest_route=\/wp\/v2\/users\/1"}],"replies":[{"embeddable":true,"href":"https:\/\/www.semanariolocal.cl\/index.php?rest_route=%2Fwp%2Fv2%2Fcomments&post=5657"}],"version-history":[{"count":1,"href":"https:\/\/www.semanariolocal.cl\/index.php?rest_route=\/wp\/v2\/posts\/5657\/revisions"}],"predecessor-version":[{"id":5659,"href":"https:\/\/www.semanariolocal.cl\/index.php?rest_route=\/wp\/v2\/posts\/5657\/revisions\/5659"}],"wp:featuredmedia":[{"embeddable":true,"href":"https:\/\/www.semanariolocal.cl\/index.php?rest_route=\/wp\/v2\/media\/5658"}],"wp:attachment":[{"href":"https:\/\/www.semanariolocal.cl\/index.php?rest_route=%2Fwp%2Fv2%2Fmedia&parent=5657"}],"wp:term":[{"taxonomy":"category","embeddable":true,"href":"https:\/\/www.semanariolocal.cl\/index.php?rest_route=%2Fwp%2Fv2%2Fcategories&post=5657"},{"taxonomy":"post_tag","embeddable":true,"href":"https:\/\/www.semanariolocal.cl\/index.php?rest_route=%2Fwp%2Fv2%2Ftags&post=5657"}],"curies":[{"name":"wp","href":"https:\/\/api.w.org\/{rel}","templated":true}]}}