{"id":5654,"date":"2022-04-28T07:15:00","date_gmt":"2022-04-28T11:15:00","guid":{"rendered":"https:\/\/www.semanariolocal.cl\/?p=5654"},"modified":"2022-04-27T22:12:47","modified_gmt":"2022-04-28T02:12:47","slug":"gobernador-vallespin-valoro-que-presidente-boric-aumente-competencias-a-gore","status":"publish","type":"post","link":"https:\/\/www.semanariolocal.cl\/?p=5654","title":{"rendered":"Gobernador Vallesp\u00edn valor\u00f3 que presidente Boric aumente competencias a GORE"},"content":{"rendered":"\n<p>Este martes, el presidente Gabriel Boric instruy\u00f3 al Comit\u00e9 Interministerial de Descentralizaci\u00f3n, que encabeza el Ministerio del Interior y Seguridad P\u00fablica, dar curso a la transferencia de competencias a los gobiernos regionales. El oficio responde a una solicitud de la Asociaci\u00f3n de Gobernadores de Chile, con fecha 8 de marzo del a\u00f1o 2022, que presenta una Agenda de Descentralizaci\u00f3n, documento elaborado por los equipos de las autoridades regionales que contiene, entre otras, la solicitud de transferir una serie de competencias por parte del Ejecutivo.<\/p>\n\n\n\n<p>Principalmente, se trata de la transferencia de competencias desde la Administraci\u00f3n Central a los Gobiernos Regionales respecto a la Presidencia del Comit\u00e9 de Evaluaci\u00f3n Ambiental; Presidencia del Consejo Regional de Capacitaci\u00f3n; Presidencia del Comit\u00e9 Regional de Uso de Borde Costero (CRUBC); Fijaci\u00f3n de v\u00edas de acceso a playas en los terrenos colindantes; Otorgamiento de concesiones gratuitas de corto plazo; y la elaboraci\u00f3n de los planes urbanos intercomunales.<\/p>\n\n\n\n<p>En ese sentido, el presidente de la Asociaci\u00f3n de Gobernadores de Chile, Patricio Vallespin, indic\u00f3 que \u201cvaloramos y nos parece positivo este primer oficio de parte del presidente de la Rep\u00fablica al Comit\u00e9 de Descentralizaci\u00f3n. Vemos una voluntad pol\u00edtica del presidente de avanzar en que esas seis competencias que nosotros est\u00e1bamos solicitando y que se entregue a los gobernadores regionales, en vez de a los delegados presidenciales\u201d.<\/p>\n\n\n\n<p>\u201cEs una primera se\u00f1al de avanzar en la agenda de descentralizaci\u00f3n y lo valoramos de manera significativa, porque creo que la evaluaci\u00f3n ambiental de los proyectos en los territorios es fundamental que fuera una competencia del gobernador regional, donde especialmente en nuestra regi\u00f3n la presidencia del Comit\u00e9 Regional del Uso del Borde Costero (CRUBC), debe armonizar e integrar a todas las actividades de manera que garanticen un uso sustentable\u201d, agreg\u00f3 Vallespin.<\/p>\n\n\n\n<p>Finalmente, el gobernador de la regi\u00f3n de Los Lagos dijo que \u201chay temas legislativos que nos interesan, presupuestarios de mayor autonom\u00eda y flexibilidad donde nos parece fundamental que no exista tutelaje del nivel nacional, que existan fuentes de recursos para los gobiernos regionales de mayor cantidad y con recursos garantizados, no solo los de la ley de Presupuesto, sino con alguna fuente de recursos permanentes que se establezcan en las normas y leyes respectivas, por lo tanto, seguiremos trabajando en esta misma senda\u201d.<\/p>\n\n\n\n<p>Se puso un plazo de seis meses para concluir el procedimiento de transferencia de las competencias individualizadas y se instruy\u00f3 considerar un trabajo articulado con los gobiernos regionales y con las autoridades sectoriales del nivel central.<\/p>\n","protected":false},"excerpt":{"rendered":"<p>Este martes, el presidente Gabriel Boric instruy\u00f3 al Comit\u00e9 Interministerial de Descentralizaci\u00f3n, que encabeza el Ministerio del Interior y Seguridad P\u00fablica, dar curso a la transferencia de competencias a los gobiernos regionales. El oficio responde a una solicitud de la Asociaci\u00f3n de Gobernadores de Chile, con fecha 8 de marzo del a\u00f1o 2022, que presenta&#8230;<a class=\"btnReadMore\" href=\"https:\/\/www.semanariolocal.cl\/?p=5654\"> Leer M\u00e1s<\/a><\/p>\n","protected":false},"author":1,"featured_media":5655,"comment_status":"closed","ping_status":"closed","sticky":false,"template":"","format":"standard","meta":{"footnotes":""},"categories":[3],"tags":[],"class_list":["post-5654","post","type-post","status-publish","format-standard","has-post-thumbnail","hentry","category-al-dia"],"_links":{"self":[{"href":"https:\/\/www.semanariolocal.cl\/index.php?rest_route=\/wp\/v2\/posts\/5654","targetHints":{"allow":["GET"]}}],"collection":[{"href":"https:\/\/www.semanariolocal.cl\/index.php?rest_route=\/wp\/v2\/posts"}],"about":[{"href":"https:\/\/www.semanariolocal.cl\/index.php?rest_route=\/wp\/v2\/types\/post"}],"author":[{"embeddable":true,"href":"https:\/\/www.semanariolocal.cl\/index.php?rest_route=\/wp\/v2\/users\/1"}],"replies":[{"embeddable":true,"href":"https:\/\/www.semanariolocal.cl\/index.php?rest_route=%2Fwp%2Fv2%2Fcomments&post=5654"}],"version-history":[{"count":1,"href":"https:\/\/www.semanariolocal.cl\/index.php?rest_route=\/wp\/v2\/posts\/5654\/revisions"}],"predecessor-version":[{"id":5656,"href":"https:\/\/www.semanariolocal.cl\/index.php?rest_route=\/wp\/v2\/posts\/5654\/revisions\/5656"}],"wp:featuredmedia":[{"embeddable":true,"href":"https:\/\/www.semanariolocal.cl\/index.php?rest_route=\/wp\/v2\/media\/5655"}],"wp:attachment":[{"href":"https:\/\/www.semanariolocal.cl\/index.php?rest_route=%2Fwp%2Fv2%2Fmedia&parent=5654"}],"wp:term":[{"taxonomy":"category","embeddable":true,"href":"https:\/\/www.semanariolocal.cl\/index.php?rest_route=%2Fwp%2Fv2%2Fcategories&post=5654"},{"taxonomy":"post_tag","embeddable":true,"href":"https:\/\/www.semanariolocal.cl\/index.php?rest_route=%2Fwp%2Fv2%2Ftags&post=5654"}],"curies":[{"name":"wp","href":"https:\/\/api.w.org\/{rel}","templated":true}]}}