{"id":5651,"date":"2022-04-28T07:15:00","date_gmt":"2022-04-28T11:15:00","guid":{"rendered":"https:\/\/www.semanariolocal.cl\/?p=5651"},"modified":"2022-04-27T22:07:52","modified_gmt":"2022-04-28T02:07:52","slug":"chile-recibe-cargamento-de-500-mil-dosis-moderna-contra-el-covid-19","status":"publish","type":"post","link":"https:\/\/www.semanariolocal.cl\/?p=5651","title":{"rendered":"Chile recibe cargamento de 500 mil dosis Moderna contra el COVID-19"},"content":{"rendered":"\n<p>La ma\u00f1ana de este miercoles 27 de abril lleg\u00f3 a Chile un cargamento de 500 mil dosis de vacunas Moderna, como parte de un contrato de dos millones de dosis que contribuir\u00e1 a completar el esquema de vacunaci\u00f3n de la tercera y cuarta dosis contra el COVID-19.<\/p>\n\n\n\n<p>El Subsecretario de Relaciones Econ\u00f3micas Internacionales (SUBREI), Jos\u00e9 Miguel Ahumada; el Director (s) del Instituto de Salud P\u00fablica (ISP), Heriberto Garc\u00eda; y el Seremi de Salud de la Regi\u00f3n Metropolitana, Gonzalo Soto; recibieron el embarque en el centro de log\u00edstica Perilogistics, oportunidad en que las autoridades destacaron el esfuerzo mancomunado del Gobierno de Chile y su compromiso con el Plan Nacional de Inmunizaci\u00f3n para enfrentar la pandemia.<\/p>\n\n\n\n<p>El Subsecretario Ahumada subray\u00f3 con respecto al calendario de vacunaci\u00f3n y una posible quinta dosis que existen \u201cdistintas estructuras de contratos con diferentes laboratorios, de manera que tengamos la posibilidad de adquirir distintos tipos de dosis de acuerdo a lo que nos plantee la autoridad sanitaria\u201d.<\/p>\n\n\n\n<p>Por su parte el Director (s) del Instituto de Salud P\u00fablica Heriberto Garc\u00eda se\u00f1al\u00f3 que la vacuna Moderna cuenta con todos los par\u00e1metros de eficacia y seguridad para evitar el contagio COVID-19. \u201cA medida que vamos avanzando con la cuarta dosis, esto se ve reflejado en la disminuci\u00f3n del n\u00famero de contagios, de hospitalizaciones y fallecidos, por lo que es imperativo mantenernos al d\u00eda con la vacunaci\u00f3n\u201d.<\/p>\n\n\n\n<p>En la \u00faltima semana aument\u00f3 en un 78% el ritmo de vacunaci\u00f3n contra el Covid-19 en el pa\u00eds con dosis de refuerzo, cifras que representan un avance, alcanzando a la fecha un 26% de avance en esa cobertura en la Regi\u00f3n Metropolitana. A esto se suma la llegada de estas 500 mil dosis de vacunas del laboratorio Moderna, las que permiten la continuidad de Plan Nacional de Inmunizaci\u00f3n.<\/p>\n\n\n\n<p>En este contexto, el Seremi de Salud RM, Gonzalo Soto destac\u00f3 que \u201cen la Regi\u00f3n Metropolitana existen m\u00e1s de 150 puntos de vacunaci\u00f3n, en las 52 comunas, por tanto, el llamado a la poblaci\u00f3n es a concurrir a los puntos m\u00e1s cercanos a vacunarse con la dosis de refuerzo, ya que s\u00f3lo de esta forma mantendremos la inmunidad necesaria para combatir el virus, sobre todo ahora que se nos acerca el invierno\u201d.<\/p>\n","protected":false},"excerpt":{"rendered":"<p>La ma\u00f1ana de este miercoles 27 de abril lleg\u00f3 a Chile un cargamento de 500 mil dosis de vacunas Moderna, como parte de un contrato de dos millones de dosis que contribuir\u00e1 a completar el esquema de vacunaci\u00f3n de la tercera y cuarta dosis contra el COVID-19. El Subsecretario de Relaciones Econ\u00f3micas Internacionales (SUBREI), Jos\u00e9&#8230;<a class=\"btnReadMore\" href=\"https:\/\/www.semanariolocal.cl\/?p=5651\"> Leer M\u00e1s<\/a><\/p>\n","protected":false},"author":1,"featured_media":5652,"comment_status":"closed","ping_status":"closed","sticky":false,"template":"","format":"standard","meta":{"footnotes":""},"categories":[3,9],"tags":[],"class_list":["post-5651","post","type-post","status-publish","format-standard","has-post-thumbnail","hentry","category-al-dia","category-gobierno"],"_links":{"self":[{"href":"https:\/\/www.semanariolocal.cl\/index.php?rest_route=\/wp\/v2\/posts\/5651","targetHints":{"allow":["GET"]}}],"collection":[{"href":"https:\/\/www.semanariolocal.cl\/index.php?rest_route=\/wp\/v2\/posts"}],"about":[{"href":"https:\/\/www.semanariolocal.cl\/index.php?rest_route=\/wp\/v2\/types\/post"}],"author":[{"embeddable":true,"href":"https:\/\/www.semanariolocal.cl\/index.php?rest_route=\/wp\/v2\/users\/1"}],"replies":[{"embeddable":true,"href":"https:\/\/www.semanariolocal.cl\/index.php?rest_route=%2Fwp%2Fv2%2Fcomments&post=5651"}],"version-history":[{"count":1,"href":"https:\/\/www.semanariolocal.cl\/index.php?rest_route=\/wp\/v2\/posts\/5651\/revisions"}],"predecessor-version":[{"id":5653,"href":"https:\/\/www.semanariolocal.cl\/index.php?rest_route=\/wp\/v2\/posts\/5651\/revisions\/5653"}],"wp:featuredmedia":[{"embeddable":true,"href":"https:\/\/www.semanariolocal.cl\/index.php?rest_route=\/wp\/v2\/media\/5652"}],"wp:attachment":[{"href":"https:\/\/www.semanariolocal.cl\/index.php?rest_route=%2Fwp%2Fv2%2Fmedia&parent=5651"}],"wp:term":[{"taxonomy":"category","embeddable":true,"href":"https:\/\/www.semanariolocal.cl\/index.php?rest_route=%2Fwp%2Fv2%2Fcategories&post=5651"},{"taxonomy":"post_tag","embeddable":true,"href":"https:\/\/www.semanariolocal.cl\/index.php?rest_route=%2Fwp%2Fv2%2Ftags&post=5651"}],"curies":[{"name":"wp","href":"https:\/\/api.w.org\/{rel}","templated":true}]}}