{"id":5634,"date":"2022-04-26T21:56:31","date_gmt":"2022-04-27T01:56:31","guid":{"rendered":"https:\/\/www.semanariolocal.cl\/?p=5634"},"modified":"2022-04-26T22:12:53","modified_gmt":"2022-04-27T02:12:53","slug":"exigen-renuncia-de-delegado-de-la-araucania-por-intervencionismo-electoral","status":"publish","type":"post","link":"https:\/\/www.semanariolocal.cl\/?p=5634","title":{"rendered":"Exigen renuncia de delegado de La Araucan\u00eda por intervencionismo electoral"},"content":{"rendered":"\n<p>Los diputados de la UDI, Henry Leal y Flor Weisse, le exigieron al Gobierno la renuncia inmediata del delegado presidencial de La Araucan\u00eda, Ra\u00fal Allard, luego que se difundiera un video en el que llamaba abiertamente a votar por la opci\u00f3n \u201cApruebo\u201d durante el plebiscito de salida, refiri\u00e9ndose incluso a un \u201cEstado Plurinacional\u201d y amenazando a otros poderes del Estado, como el Poder Judicial.<\/p>\n\n\n\n<p>Al respecto, los parlamentarios gremialistas calificaron la situaci\u00f3n como un \u201cabierto intervencionismo electoral\u201d, anunciando que ma\u00f1ana a primera hora acudir\u00e1n a la Contralor\u00eda General de la Rep\u00fablica para denunciar los hechos, puesto que las declaraciones las habr\u00eda realizado esta ma\u00f1ana en pleno horario de trabajo, durante una actividad p\u00fablica en la comuna de Teodoro Schmidt.<\/p>\n\n\n\n<p>\u201cLa intervenci\u00f3n electoral de este Gobierno en el plebiscito de salida lleg\u00f3 a su l\u00edmite. Las declaraciones del delegado presidencial de La Araucan\u00eda son absolutamente vergonzosas e inaceptables. No s\u00f3lo llama abiertamente a votar Apruebo, sino que se involucra directamente al referirse a un Estado plurinacional, teniendo incluso el atrevimiento de amenazar al Poder Judicial y a otros organismos p\u00fablicos\u201d, cuestionaron los diputados UDI, agregando que la denuncia la presentar\u00e1n \u201cpor un mal uso de los recursos p\u00fablicos\u201d.<\/p>\n\n\n\n<p>Pero adem\u00e1s, Leal y Weisse aseguraron que con estas declaraciones, existen los antecedentes suficientes para \u201cpresentar una acusaci\u00f3n constitucional contra el delegado presidencial de La Araucan\u00eda\u201d, se\u00f1alando que \u201cel notable abandono de deberes en que ha incurrido al no querellarse por la Ley Antiterrorista o la Ley de Seguridad del Estado durante los \u00faltimos atentados que se han producido en la regi\u00f3n, son razones suficientes para ejercer esta acci\u00f3n en su contra\u201d.<\/p>\n\n\n\n<p>\u201cEl Gobierno tiene la obligaci\u00f3n de solicitarle la renuncia al delegado presidencial de inmediato. De lo contrario, tendremos todos los antecedentes para presentar una acusaci\u00f3n constitucional en su contra por notable abandono de deberes, faltas a la probidad y por estar infringiendo la Constituci\u00f3n, al no darle garant\u00edas a todos los habitantes de la regi\u00f3n y al no protegerlos ante la violencia y el terrorismo que sufren a diario\u201d, concluyeron los diputados UDI.<\/p>\n","protected":false},"excerpt":{"rendered":"<p>Henry Leal y Flor Weisse hicieron p\u00fablico un video en el que el representante del Ministerio del Interior llamaba abiertamente a votar \u201cApruebo\u201d en el plebiscito de salida, por lo que anunciaron que este mi\u00e9rcoles concurrir\u00e1n a la Contralor\u00eda para denunciar los hechos. <\/p>\n","protected":false},"author":1,"featured_media":5635,"comment_status":"closed","ping_status":"closed","sticky":false,"template":"","format":"standard","meta":{"footnotes":""},"categories":[3],"tags":[],"class_list":["post-5634","post","type-post","status-publish","format-standard","has-post-thumbnail","hentry","category-al-dia"],"_links":{"self":[{"href":"https:\/\/www.semanariolocal.cl\/index.php?rest_route=\/wp\/v2\/posts\/5634","targetHints":{"allow":["GET"]}}],"collection":[{"href":"https:\/\/www.semanariolocal.cl\/index.php?rest_route=\/wp\/v2\/posts"}],"about":[{"href":"https:\/\/www.semanariolocal.cl\/index.php?rest_route=\/wp\/v2\/types\/post"}],"author":[{"embeddable":true,"href":"https:\/\/www.semanariolocal.cl\/index.php?rest_route=\/wp\/v2\/users\/1"}],"replies":[{"embeddable":true,"href":"https:\/\/www.semanariolocal.cl\/index.php?rest_route=%2Fwp%2Fv2%2Fcomments&post=5634"}],"version-history":[{"count":1,"href":"https:\/\/www.semanariolocal.cl\/index.php?rest_route=\/wp\/v2\/posts\/5634\/revisions"}],"predecessor-version":[{"id":5636,"href":"https:\/\/www.semanariolocal.cl\/index.php?rest_route=\/wp\/v2\/posts\/5634\/revisions\/5636"}],"wp:featuredmedia":[{"embeddable":true,"href":"https:\/\/www.semanariolocal.cl\/index.php?rest_route=\/wp\/v2\/media\/5635"}],"wp:attachment":[{"href":"https:\/\/www.semanariolocal.cl\/index.php?rest_route=%2Fwp%2Fv2%2Fmedia&parent=5634"}],"wp:term":[{"taxonomy":"category","embeddable":true,"href":"https:\/\/www.semanariolocal.cl\/index.php?rest_route=%2Fwp%2Fv2%2Fcategories&post=5634"},{"taxonomy":"post_tag","embeddable":true,"href":"https:\/\/www.semanariolocal.cl\/index.php?rest_route=%2Fwp%2Fv2%2Ftags&post=5634"}],"curies":[{"name":"wp","href":"https:\/\/api.w.org\/{rel}","templated":true}]}}