{"id":5628,"date":"2022-04-26T09:35:00","date_gmt":"2022-04-26T13:35:00","guid":{"rendered":"https:\/\/www.semanariolocal.cl\/?p=5628"},"modified":"2022-04-26T21:38:59","modified_gmt":"2022-04-27T01:38:59","slug":"talagante-exigen-a-ministra-siches-querellarse-por-ley-antisaqueo-tras-asalto-a-supermercado","status":"publish","type":"post","link":"https:\/\/www.semanariolocal.cl\/?p=5628","title":{"rendered":"Talagante: Exigen a ministra Siches querellarse por \u201cLey Antisaqueo\u201d tras asalto a supermercado"},"content":{"rendered":"\n<p class=\"wp-block-paragraph\">El diputado por el Distrito 14 de la Regi\u00f3n Metropolitana, Juan Antonio Coloma (UDI), junto al integrante de la comisi\u00f3n de Seguridad Ciudadana, Henry Leal (UDI), le exigieron a la ministra del Interior, Izkia Siches, querellarse por la \u201cLey Antisaqueo\u201d a ra\u00edz de la violenta turba de m\u00e1s de 200 personas que la noche del martes ingres\u00f3 a un supermercado en la comuna de Talagante.<\/p>\n\n\n\n<p class=\"wp-block-paragraph\">Al respecto, los parlamentarios gremialistas calificaron como \u201ctotalmente inaceptables\u201d las declaraciones de la jefa de gabinete, quien tras ser consultada sobre la presentaci\u00f3n de alg\u00fan tipo de acci\u00f3n judicial, manifest\u00f3 desconocer la informaci\u00f3n.<\/p>\n\n\n\n<p class=\"wp-block-paragraph\">\u201cUna turba de m\u00e1s de 200 personas atac\u00f3 y rob\u00f3 un supermercado en Talagante, y pese a ello la ministra del Interior no ha sido capaz de presentar querellas en contra de quienes resulten responsables, y ni siquiera ha anunciado que perseguir\u00e1n con todo el rigor de la ley a estos delincuentes\u201d, cuestionaron los diputados UDI, agregando que \u201ccon la violencia y los saqueadores no se puede titubear, y el Gobierno tiene la obligaci\u00f3n de querellarse por estos hechos\u201d.<\/p>\n\n\n\n<p class=\"wp-block-paragraph\">Por lo mismo, y pese a que Coloma y Leal recordaron que las actuales autoridades votaron en contra de la \u201cLey Antisaqueos\u201d durante su \u00e9poca parlamentaria, insistieron en la necesidad de presentar acciones por dicho delito y \u201cperseguir hasta las \u00faltimas consecuencias a todos estos delincuentes\u201d.<\/p>\n\n\n\n<p class=\"wp-block-paragraph\">\u201cEntendemos que el Presidente Boric y los ministros Jackson y Vallejo votaron en contra de esta ley, pero esto no impide ni justifica que, una vez que son Gobierno, no presenten las acciones judiciales correspondientes. Cuando estamos hablando de saqueadores y ladrones, tenemos que actuar con todo el rigor de la ley. El Gobierno no puede titubear ni ser blandos con estos delincuentes, y tiene el deber de ocupar todas las herramientas que el Estado de Derecho le otorga\u201d, concluyeron los diputados Coloma y Leal.<\/p>\n","protected":false},"excerpt":{"rendered":"<p>Pese a que recordaron que las actuales autoridades votaron en contra del proyecto de ley, Juan Antonio Coloma y Henry Leal aseguraron que el Gobierno \u201ctiene la obligaci\u00f3n de ocupar todas las herramientas legales\u201d. <\/p>\n","protected":false},"author":1,"featured_media":5629,"comment_status":"closed","ping_status":"closed","sticky":false,"template":"","format":"standard","meta":{"footnotes":""},"categories":[3],"tags":[],"class_list":["post-5628","post","type-post","status-publish","format-standard","has-post-thumbnail","hentry","category-al-dia"],"_links":{"self":[{"href":"https:\/\/www.semanariolocal.cl\/index.php?rest_route=\/wp\/v2\/posts\/5628","targetHints":{"allow":["GET"]}}],"collection":[{"href":"https:\/\/www.semanariolocal.cl\/index.php?rest_route=\/wp\/v2\/posts"}],"about":[{"href":"https:\/\/www.semanariolocal.cl\/index.php?rest_route=\/wp\/v2\/types\/post"}],"author":[{"embeddable":true,"href":"https:\/\/www.semanariolocal.cl\/index.php?rest_route=\/wp\/v2\/users\/1"}],"replies":[{"embeddable":true,"href":"https:\/\/www.semanariolocal.cl\/index.php?rest_route=%2Fwp%2Fv2%2Fcomments&post=5628"}],"version-history":[{"count":1,"href":"https:\/\/www.semanariolocal.cl\/index.php?rest_route=\/wp\/v2\/posts\/5628\/revisions"}],"predecessor-version":[{"id":5630,"href":"https:\/\/www.semanariolocal.cl\/index.php?rest_route=\/wp\/v2\/posts\/5628\/revisions\/5630"}],"wp:featuredmedia":[{"embeddable":true,"href":"https:\/\/www.semanariolocal.cl\/index.php?rest_route=\/wp\/v2\/media\/5629"}],"wp:attachment":[{"href":"https:\/\/www.semanariolocal.cl\/index.php?rest_route=%2Fwp%2Fv2%2Fmedia&parent=5628"}],"wp:term":[{"taxonomy":"category","embeddable":true,"href":"https:\/\/www.semanariolocal.cl\/index.php?rest_route=%2Fwp%2Fv2%2Fcategories&post=5628"},{"taxonomy":"post_tag","embeddable":true,"href":"https:\/\/www.semanariolocal.cl\/index.php?rest_route=%2Fwp%2Fv2%2Ftags&post=5628"}],"curies":[{"name":"wp","href":"https:\/\/api.w.org\/{rel}","templated":true}]}}