{"id":5625,"date":"2022-04-26T09:32:00","date_gmt":"2022-04-26T13:32:00","guid":{"rendered":"https:\/\/www.semanariolocal.cl\/?p=5625"},"modified":"2022-04-26T21:35:53","modified_gmt":"2022-04-27T01:35:53","slug":"incautan-camion-usado-por-infringir-normativas-de-zona-franca","status":"publish","type":"post","link":"https:\/\/www.semanariolocal.cl\/?p=5625","title":{"rendered":"Incautan cami\u00f3n usado por infringir normativas de Zona Franca"},"content":{"rendered":"\n<p class=\"wp-block-paragraph\">En el Terminal de Transbordadores de la Empresa Portuaria de Puerto Montt (Empormontt) fiscalizadores del Servicio Nacional de Aduanas lograron incautar un cami\u00f3n que no estaba siendo utilizado de acuerdo a la normativa bajo la cual fue importado a Chile.<\/p>\n\n\n\n<p class=\"wp-block-paragraph\">Este procedimiento comenz\u00f3 en la avanzada de Aduanas de Chait\u00e9n, que corresponde a Zona Franca de Extensi\u00f3n, donde tras los an\u00e1lisis habituales que se hacen de los manifiestos los fiscalizadores de la Aduana Regional de Puerto Montt detectaron que un veh\u00edculo de carga que deber\u00eda haber correspondido a un tipo espec\u00edfico de cami\u00f3n en realidad estaba siendo utilizado con otro objetivo.<\/p>\n\n\n\n<p class=\"wp-block-paragraph\">Seg\u00fan los antecedentes revisados, el cami\u00f3n fue importado para ocuparlo como transporte tipo Silo benefici\u00e1ndose de la normativa de Zona Franca, por lo que de acuerdo a la normativa vigente pudo ingresar al territorio nacional como veh\u00edculo usado. Sin embargo, la estructura del acoplado fue modificada para eliminar la configuraci\u00f3n original, dej\u00e1ndolo con una rampa convencional plana donde transportaban paneles modulares al momento de su detecci\u00f3n.<\/p>\n\n\n\n<p class=\"wp-block-paragraph\">As\u00ed se constat\u00f3 que la transformaci\u00f3n del veh\u00edculo hab\u00eda vulnerado lo dispuesto en el Art. 21 de la Ley 18.483 del Estatuto Automotriz, sobre la prohibici\u00f3n de importar veh\u00edculos motorizados usados al pa\u00eds, configur\u00e1ndose de esta forma el delito de contrabando.<\/p>\n\n\n\n<p class=\"wp-block-paragraph\">La informaci\u00f3n fue remitida a los fiscalizadores de Aduana de turno en Puerto Montt, quienes esperaron que llegara el transbordaron hasta la capital de la Regi\u00f3n de Los Lagos para proceder a la incautaci\u00f3n del veh\u00edculo de carga, procedimiento realizado con el apoyo de la Polic\u00eda Mar\u00edtima de la Armada.<\/p>\n\n\n\n<p class=\"wp-block-paragraph\">El Director Regional de la Aduana de Puerto Montt, Pablo Elvenberg, explic\u00f3 que esto \u00abes el resultado de un trabajo permanente e integrado con la Autoridad Mar\u00edtima, que permite resguardar los beneficios de este tipo de Leyes Especiales y tambi\u00e9n aquellas que existen en r\u00e9gimen especial para los vecinos de la Provincia de Palena. En cuanto a los il\u00edcitos, estos se han visto acrecentados en algunos casos por una disminuci\u00f3n en la oferta de veh\u00edculo nuevos y usados en nuestro pa\u00eds, ocasionando una mayor demanda de veh\u00edculos en r\u00e9gimen general, lo que ha incentivado el contrabando desde la Zona Franca de Extensi\u00f3n al resto del pa\u00eds\u00bb.<\/p>\n","protected":false},"excerpt":{"rendered":"<p>No estaba siendo ocupado para lo que fue importado. Procedimiento del Servicio Nacional de Aduanas en Chait\u00e9n y Puerto Montt.<\/p>\n","protected":false},"author":1,"featured_media":5626,"comment_status":"closed","ping_status":"closed","sticky":false,"template":"","format":"standard","meta":{"footnotes":""},"categories":[3],"tags":[],"class_list":["post-5625","post","type-post","status-publish","format-standard","has-post-thumbnail","hentry","category-al-dia"],"_links":{"self":[{"href":"https:\/\/www.semanariolocal.cl\/index.php?rest_route=\/wp\/v2\/posts\/5625","targetHints":{"allow":["GET"]}}],"collection":[{"href":"https:\/\/www.semanariolocal.cl\/index.php?rest_route=\/wp\/v2\/posts"}],"about":[{"href":"https:\/\/www.semanariolocal.cl\/index.php?rest_route=\/wp\/v2\/types\/post"}],"author":[{"embeddable":true,"href":"https:\/\/www.semanariolocal.cl\/index.php?rest_route=\/wp\/v2\/users\/1"}],"replies":[{"embeddable":true,"href":"https:\/\/www.semanariolocal.cl\/index.php?rest_route=%2Fwp%2Fv2%2Fcomments&post=5625"}],"version-history":[{"count":1,"href":"https:\/\/www.semanariolocal.cl\/index.php?rest_route=\/wp\/v2\/posts\/5625\/revisions"}],"predecessor-version":[{"id":5627,"href":"https:\/\/www.semanariolocal.cl\/index.php?rest_route=\/wp\/v2\/posts\/5625\/revisions\/5627"}],"wp:featuredmedia":[{"embeddable":true,"href":"https:\/\/www.semanariolocal.cl\/index.php?rest_route=\/wp\/v2\/media\/5626"}],"wp:attachment":[{"href":"https:\/\/www.semanariolocal.cl\/index.php?rest_route=%2Fwp%2Fv2%2Fmedia&parent=5625"}],"wp:term":[{"taxonomy":"category","embeddable":true,"href":"https:\/\/www.semanariolocal.cl\/index.php?rest_route=%2Fwp%2Fv2%2Fcategories&post=5625"},{"taxonomy":"post_tag","embeddable":true,"href":"https:\/\/www.semanariolocal.cl\/index.php?rest_route=%2Fwp%2Fv2%2Ftags&post=5625"}],"curies":[{"name":"wp","href":"https:\/\/api.w.org\/{rel}","templated":true}]}}