{"id":5622,"date":"2022-04-26T09:28:00","date_gmt":"2022-04-26T13:28:00","guid":{"rendered":"https:\/\/www.semanariolocal.cl\/?p=5622"},"modified":"2022-04-26T21:32:40","modified_gmt":"2022-04-27T01:32:40","slug":"monte-verde-y-pilauco-son-referentes-culturales-y-patrimoniales-de-la-region-andina","status":"publish","type":"post","link":"https:\/\/www.semanariolocal.cl\/?p=5622","title":{"rendered":"Monte Verde y Pilauco son referentes culturales y patrimoniales de la regi\u00f3n andina"},"content":{"rendered":"\n<p class=\"wp-block-paragraph\">As\u00ed lo inform\u00f3 el Senador chileno Fidel Espinoza \u2013que preside el Parlamento Andino-, quien destac\u00f3 como una gran noticia para el pa\u00eds esta declaratoria apoyada por congresistas de Per\u00fa, Colombia, Ecuador, Bolivia y Chile, por cuanto situar\u00e1 a Monte Verde y Pilauco en un lugar de la historia que merecen, reconociendo su importancia en el poblamiento americano.<\/p>\n\n\n\n<p class=\"wp-block-paragraph\">\u201cEs un tremendo orgullo para Chile que el plenario del Parlamento Andino haya declarado a Monte Verde y Pilauco como referentes culturales y patrimoniales de la regi\u00f3n andina. Significa mucho para nuestro pa\u00eds porque lo sit\u00faa m\u00e1s profundamente en el concierto mundial\u201d, afirm\u00f3 Espinoza.<\/p>\n\n\n\n<p class=\"wp-block-paragraph\">En ese sentido, el Senador asegur\u00f3 que \u201cesto abre un camino importante para que el gobierno regional y los municipios respectivos puedan solicitar apoyos internacionales que impliquen comenzar a generar mayores espacios en dichos sitios que grafiquen su transcendencia en Am\u00e9rica Latina y el mundo\u201d.<\/p>\n\n\n\n<p class=\"wp-block-paragraph\">El profesor titular de la Escuela de Arqueolog\u00eda UACh (Sede Puerto Montt), Dr. Tom Dillehay y l\u00edder de las investigaciones en Monte Verde, manifest\u00f3: \u201cMe quedo feliz y orgulloso que el parlamento ha reconocido Monte Verde. Es un honor para Chile, la regi\u00f3n y la Universidad Austral de Chile\u201d.<\/p>\n\n\n\n<p class=\"wp-block-paragraph\">Por su parte, el investigador de la Facultad de Ciencias UACh quien encabeza los estudios en Pilauco, Dr. Mario Pino, expres\u00f3: \u201cMe sorprendi\u00f3 porque no fue algo que solicit\u00e1ramos ni que supi\u00e9ramos que se estaba discutiendo. Nos lleg\u00f3 la noticia de que ya estaba hecho, entonces nos llena de orgullo porque hemos sido muy poco considerados en t\u00e9rminos del patrimonio chileno. Esto nos da un espaldarazo para seguir trabajando\u201d.<\/p>\n\n\n\n<p class=\"wp-block-paragraph\">El acad\u00e9mico se\u00f1al\u00f3 que \u201cnosotros en general no podemos avanzar en los temas de investigaci\u00f3n tanto en Monte Verde como en Pilauco siempre estamos luchando contra dificultades, ya sea con organismos del Estado, presupuestarias, en los equipos o con la pandemia. Por lo tanto, es muy reconfortante que llegue un reconocimiento de este estilo\u201d. A su juicio, \u201cseguramente esto nos va a poder ayudar a postular a otro tipo de fondos, quiz\u00e1 a los cuales no hemos tenido acceso\u201d, finaliz\u00f3.<\/p>\n","protected":false},"excerpt":{"rendered":"<p>El plenario del Parlamento Andino vis\u00f3 esta iniciativa sobre los sitios arqueol\u00f3gicos ubicados en Puerto Montt y Osorno.<\/p>\n<p>Por unanimidad, el plenario del Parlamento Andino \u2013que integra Per\u00fa, Colombia, Ecuador, Bolivia y Chile- aprob\u00f3 declarar los sitios arqueol\u00f3gicos de Monte Verde, en Puerto Montt, y Pilauco, en Osorno, como referentes culturales y patrimoniales de la regi\u00f3n andina.<\/p>\n","protected":false},"author":1,"featured_media":5623,"comment_status":"closed","ping_status":"closed","sticky":false,"template":"","format":"standard","meta":{"footnotes":""},"categories":[3],"tags":[],"class_list":["post-5622","post","type-post","status-publish","format-standard","has-post-thumbnail","hentry","category-al-dia"],"_links":{"self":[{"href":"https:\/\/www.semanariolocal.cl\/index.php?rest_route=\/wp\/v2\/posts\/5622","targetHints":{"allow":["GET"]}}],"collection":[{"href":"https:\/\/www.semanariolocal.cl\/index.php?rest_route=\/wp\/v2\/posts"}],"about":[{"href":"https:\/\/www.semanariolocal.cl\/index.php?rest_route=\/wp\/v2\/types\/post"}],"author":[{"embeddable":true,"href":"https:\/\/www.semanariolocal.cl\/index.php?rest_route=\/wp\/v2\/users\/1"}],"replies":[{"embeddable":true,"href":"https:\/\/www.semanariolocal.cl\/index.php?rest_route=%2Fwp%2Fv2%2Fcomments&post=5622"}],"version-history":[{"count":1,"href":"https:\/\/www.semanariolocal.cl\/index.php?rest_route=\/wp\/v2\/posts\/5622\/revisions"}],"predecessor-version":[{"id":5624,"href":"https:\/\/www.semanariolocal.cl\/index.php?rest_route=\/wp\/v2\/posts\/5622\/revisions\/5624"}],"wp:featuredmedia":[{"embeddable":true,"href":"https:\/\/www.semanariolocal.cl\/index.php?rest_route=\/wp\/v2\/media\/5623"}],"wp:attachment":[{"href":"https:\/\/www.semanariolocal.cl\/index.php?rest_route=%2Fwp%2Fv2%2Fmedia&parent=5622"}],"wp:term":[{"taxonomy":"category","embeddable":true,"href":"https:\/\/www.semanariolocal.cl\/index.php?rest_route=%2Fwp%2Fv2%2Fcategories&post=5622"},{"taxonomy":"post_tag","embeddable":true,"href":"https:\/\/www.semanariolocal.cl\/index.php?rest_route=%2Fwp%2Fv2%2Ftags&post=5622"}],"curies":[{"name":"wp","href":"https:\/\/api.w.org\/{rel}","templated":true}]}}