{"id":5619,"date":"2022-04-26T21:28:04","date_gmt":"2022-04-27T01:28:04","guid":{"rendered":"https:\/\/www.semanariolocal.cl\/?p=5619"},"modified":"2022-04-26T21:28:41","modified_gmt":"2022-04-27T01:28:41","slug":"proyecto-presentado-podria-permitir-a-ministerio-publico-iniciar-investigacion-de-oficio-por-colusion","status":"publish","type":"post","link":"https:\/\/www.semanariolocal.cl\/?p=5619","title":{"rendered":"Proyecto presentado podr\u00eda permitir a Ministerio P\u00fablico iniciar investigaci\u00f3n de oficio por colusi\u00f3n"},"content":{"rendered":"\n<p class=\"wp-block-paragraph\">Diputadas y diputados de la Bancada PPD- Independientes presentaron un proyecto de ley que posibilita al Ministerio P\u00fablico para ejercer, de oficio, acci\u00f3n penal en casos de delitos econ\u00f3micos.&nbsp;<br>El diputado independiente e impulsor de la iniciativa, Jaime Araya, sostuvo que \u201cel proyecto de ley que hemos presentado busca que sea el Ministerio P\u00fablico quien pueda, de oficio, perseguir delitos de colusi\u00f3n, que no se requiera la querella previa de la Fiscal\u00eda Nacional Econ\u00f3mica, que entendemos como una restricci\u00f3n para perseguir estos delitos de cuello y corbata\u00bb.&nbsp;<br>\u00abEsperamos que el gobierno pueda patrocinar esta iniciativa, de manera tal que tenga la urgencia necesaria en estos tiempos en que hay muchas dudas flotando en el aire, respecto a que algunas empresas se estar\u00edan coludiendo para aumentar artificialmente los precios, sobre todo de la canasta b\u00e1sica, lo que ha generado un da\u00f1o muy grande al presupuesto de las familias chilenas\u00bb, agreg\u00f3 el diputado Araya.<br>En tanto, el diputado independiente y miembro de la Comisi\u00f3n de Hacienda, Carlos Bianchi, afirm\u00f3 que \u00abeste proyecto de ley busca que el Ministerio P\u00fablico tambi\u00e9n pueda tener un actuar mucho m\u00e1s diligente en la eventualidad que la Fiscal\u00eda Nacional Econ\u00f3mica no lo haga. La semana pasada estuvimos en la FNE y el propio fiscal nos se\u00f1al\u00f3 que esta investigaci\u00f3n puede ser tremendamente demorosa, m\u00e1s de dos a\u00f1os\u00bb.&nbsp;<br>\u00abYo no s\u00e9 si Ricardo Riesco quien anteriormente fue f\u00e9rreo defensor de la colusi\u00f3n de los pollos y otras empresas m\u00e1s, hoy en su cargo de fiscal nacional econ\u00f3mico pueda efectivamente tramitar de manera diligente todas estas denuncias de probable colusi\u00f3n. Espero que as\u00ed sea, pero en paralelo nosotros desde la C\u00e1mara de Diputadas y Diputados hemos presentado esta iniciativa, que ojal\u00e1 el propio gobierno pueda priorizarla, porque es del todo necesario para la b\u00fasqueda de transparentar toda acci\u00f3n de colusi\u00f3n que pueda seguir ocurriendo en nuestro pa\u00eds\u00bb, a\u00f1adi\u00f3 el diputado Bianchi.<br>Por su parte, la Jefa de Bancada del PPD-Independientes, Carolina Marz\u00e1n, afirm\u00f3 que \u201chemos recibido denuncias de todo el pa\u00eds, y accedido a estudios period\u00edsticos y de expertos, que nos llevan a dudar si las constantes alzas en los bienes y servicios obedecen efectivamente al fen\u00f3meno de la inflaci\u00f3n, o se debe a otros factores que deben ser investigados. Creemos que mientras m\u00e1s \u00f3rganos persecutores se encuentren facultados de iniciar un proceso ante conductas que revistan caracteres de delitos econ\u00f3micos, tendremos un mayor nivel de eficacia al momento de investigar y sancionar este tipo de hechos delictuales que afectan a la sociedad completa\u00bb.<br>Asimismo, la diputada independiente, Marta Gonz\u00e1lez, recalc\u00f3 que \u00abse deben utilizar todos los recursos, todas las herramientas para que se investiguen, por ejemplo, posibles colusiones, que lamentablemente ya se han producido en nuestro pa\u00eds con los pollos, papel higi\u00e9nico y con los medicamentos. Hay antecedentes, y las personas tienen puestos sus ojos en las instituciones para que fiscalicen eventuales delitos econ\u00f3micos\u201d.<br>Finalmente, el diputado independiente, H\u00e9ctor Ulloa, se\u00f1al\u00f3 que \u00aben la pr\u00e1ctica, si hace un a\u00f1o una familia contaba con $20.000 pesos semanales para comprar alimentos o v\u00edveres suficientes, hoy esa cantidad de dinero alcanza solamente para adquirir la mitad de los bienes que se pod\u00edan adquirir en esa fecha. Si hay antecedentes fundados de que se han subido artificialmente los precios de la canasta b\u00e1sica, el Ministerio P\u00fablico debiera tener la facultad de investigar de oficio, tal como se propone en este proyecto de ley\u00bb.<\/p>\n","protected":false},"excerpt":{"rendered":"<p>Actualmente esa facultad recae exclusivamente en la Fiscal\u00eda Nacional Econ\u00f3mica.\u200b<\/p>\n","protected":false},"author":1,"featured_media":5620,"comment_status":"closed","ping_status":"closed","sticky":false,"template":"","format":"standard","meta":{"footnotes":""},"categories":[3],"tags":[],"class_list":["post-5619","post","type-post","status-publish","format-standard","has-post-thumbnail","hentry","category-al-dia"],"_links":{"self":[{"href":"https:\/\/www.semanariolocal.cl\/index.php?rest_route=\/wp\/v2\/posts\/5619","targetHints":{"allow":["GET"]}}],"collection":[{"href":"https:\/\/www.semanariolocal.cl\/index.php?rest_route=\/wp\/v2\/posts"}],"about":[{"href":"https:\/\/www.semanariolocal.cl\/index.php?rest_route=\/wp\/v2\/types\/post"}],"author":[{"embeddable":true,"href":"https:\/\/www.semanariolocal.cl\/index.php?rest_route=\/wp\/v2\/users\/1"}],"replies":[{"embeddable":true,"href":"https:\/\/www.semanariolocal.cl\/index.php?rest_route=%2Fwp%2Fv2%2Fcomments&post=5619"}],"version-history":[{"count":1,"href":"https:\/\/www.semanariolocal.cl\/index.php?rest_route=\/wp\/v2\/posts\/5619\/revisions"}],"predecessor-version":[{"id":5621,"href":"https:\/\/www.semanariolocal.cl\/index.php?rest_route=\/wp\/v2\/posts\/5619\/revisions\/5621"}],"wp:featuredmedia":[{"embeddable":true,"href":"https:\/\/www.semanariolocal.cl\/index.php?rest_route=\/wp\/v2\/media\/5620"}],"wp:attachment":[{"href":"https:\/\/www.semanariolocal.cl\/index.php?rest_route=%2Fwp%2Fv2%2Fmedia&parent=5619"}],"wp:term":[{"taxonomy":"category","embeddable":true,"href":"https:\/\/www.semanariolocal.cl\/index.php?rest_route=%2Fwp%2Fv2%2Fcategories&post=5619"},{"taxonomy":"post_tag","embeddable":true,"href":"https:\/\/www.semanariolocal.cl\/index.php?rest_route=%2Fwp%2Fv2%2Ftags&post=5619"}],"curies":[{"name":"wp","href":"https:\/\/api.w.org\/{rel}","templated":true}]}}