{"id":5610,"date":"2022-04-25T10:11:00","date_gmt":"2022-04-25T14:11:00","guid":{"rendered":"https:\/\/www.semanariolocal.cl\/?p=5610"},"modified":"2022-04-25T22:13:22","modified_gmt":"2022-04-26T02:13:22","slug":"liceo-rahue-de-osorno-suspende-sus-clases-por-frente-de-mal-tiempo","status":"publish","type":"post","link":"https:\/\/www.semanariolocal.cl\/?p=5610","title":{"rendered":"Liceo Rahue de Osorno suspende sus clases por frente de mal tiempo"},"content":{"rendered":"\n<p class=\"wp-block-paragraph\">La medida fue adoptada esta jornada, luego que parte de las instalaciones del Liceo Rahue, se vieran afectadas producto del frente clim\u00e1tico y las fuertes precipitaciones que han ca\u00eddo en la comuna. As\u00ed lo dio a conocer el Director del Departamento de Educaci\u00f3n Municipal de Osorno, Mauricio Guti\u00e9rrez, quien se\u00f1al\u00f3 que \u201c<strong><em>con esta acci\u00f3n se prioriza la salud y bienestar de la comunidad escolar del establecimiento<\/em><\/strong>\u201d.<\/p>\n\n\n\n<p class=\"wp-block-paragraph\">Guti\u00e9rrez, a\u00f1adi\u00f3 que \u201c<strong><em>durante la presente jornada evaluamos el grado de afectaci\u00f3n generada en las instalaciones del recinto, verificando que se trata de una filtraci\u00f3n mayor de agua lluvia y en una zona sensible como es el casino. Por lo anterior y velando por los estudiantes, se tom\u00f3 la determinaci\u00f3n de suspender las clases para efectuar las reparaciones correspondientes<\/em><\/strong>\u201d.<\/p>\n\n\n\n<p class=\"wp-block-paragraph\">El profesional agreg\u00f3 que \u201c<strong><em>la filtraci\u00f3n impide la correcta preparaci\u00f3n y manipulaci\u00f3n de alimentos, provocando que los escolares se mantuvieran sin sus respectivas colaciones de haber continuado las clases. Por esto, y pensando en el bienestar de nuestros adolescentes consideramos la medida, esperando que el frente clim\u00e1tico nos permita durante este mi\u00e9rcoles, desarrollar los trabajos de reparaci\u00f3n y retornar a la normalidad a la brevedad posible<\/em><\/strong>\u201d.<\/p>\n\n\n\n<p class=\"wp-block-paragraph\">La medida se har\u00e1 efectiva para este martes 26 de abril y ante la continuidad en la suspensi\u00f3n se informar\u00e1 oportunamente a la comunidad escolar. Mencionar que la suspensi\u00f3n de clases, rige solo para el alumnado por lo que docentes y asistentes de la Educaci\u00f3n, cumplir\u00e1n su jornada laboral.<\/p>\n","protected":false},"excerpt":{"rendered":"<p>La medida fue adoptada esta jornada, luego que parte de las instalaciones del Liceo Rahue, se vieran afectadas producto del frente clim\u00e1tico y las fuertes precipitaciones que han ca\u00eddo en la comuna. As\u00ed lo dio a conocer el Director del Departamento de Educaci\u00f3n Municipal de Osorno, Mauricio Guti\u00e9rrez, quien se\u00f1al\u00f3 que \u201ccon esta acci\u00f3n se&#8230;<a class=\"btnReadMore\" href=\"https:\/\/www.semanariolocal.cl\/?p=5610\"> Leer M\u00e1s<\/a><\/p>\n","protected":false},"author":1,"featured_media":5611,"comment_status":"closed","ping_status":"closed","sticky":false,"template":"","format":"standard","meta":{"footnotes":""},"categories":[3],"tags":[],"class_list":["post-5610","post","type-post","status-publish","format-standard","has-post-thumbnail","hentry","category-al-dia"],"_links":{"self":[{"href":"https:\/\/www.semanariolocal.cl\/index.php?rest_route=\/wp\/v2\/posts\/5610","targetHints":{"allow":["GET"]}}],"collection":[{"href":"https:\/\/www.semanariolocal.cl\/index.php?rest_route=\/wp\/v2\/posts"}],"about":[{"href":"https:\/\/www.semanariolocal.cl\/index.php?rest_route=\/wp\/v2\/types\/post"}],"author":[{"embeddable":true,"href":"https:\/\/www.semanariolocal.cl\/index.php?rest_route=\/wp\/v2\/users\/1"}],"replies":[{"embeddable":true,"href":"https:\/\/www.semanariolocal.cl\/index.php?rest_route=%2Fwp%2Fv2%2Fcomments&post=5610"}],"version-history":[{"count":1,"href":"https:\/\/www.semanariolocal.cl\/index.php?rest_route=\/wp\/v2\/posts\/5610\/revisions"}],"predecessor-version":[{"id":5612,"href":"https:\/\/www.semanariolocal.cl\/index.php?rest_route=\/wp\/v2\/posts\/5610\/revisions\/5612"}],"wp:featuredmedia":[{"embeddable":true,"href":"https:\/\/www.semanariolocal.cl\/index.php?rest_route=\/wp\/v2\/media\/5611"}],"wp:attachment":[{"href":"https:\/\/www.semanariolocal.cl\/index.php?rest_route=%2Fwp%2Fv2%2Fmedia&parent=5610"}],"wp:term":[{"taxonomy":"category","embeddable":true,"href":"https:\/\/www.semanariolocal.cl\/index.php?rest_route=%2Fwp%2Fv2%2Fcategories&post=5610"},{"taxonomy":"post_tag","embeddable":true,"href":"https:\/\/www.semanariolocal.cl\/index.php?rest_route=%2Fwp%2Fv2%2Ftags&post=5610"}],"curies":[{"name":"wp","href":"https:\/\/api.w.org\/{rel}","templated":true}]}}