{"id":5607,"date":"2022-04-25T22:10:46","date_gmt":"2022-04-26T02:10:46","guid":{"rendered":"https:\/\/www.semanariolocal.cl\/?p=5607"},"modified":"2022-04-25T22:10:50","modified_gmt":"2022-04-26T02:10:50","slug":"delegado-presidencial-de-la-araucania-podria-ser-acusado-constitucionalmente","status":"publish","type":"post","link":"https:\/\/www.semanariolocal.cl\/?p=5607","title":{"rendered":"Delegado presidencial de La Araucan\u00eda podr\u00eda ser acusado constitucionalmente"},"content":{"rendered":"\n<p class=\"wp-block-paragraph\">A ra\u00edz de los \u00faltimos atentados que se han producido en la Regi\u00f3n de La Araucan\u00eda, y donde las autoridades dependientes del Ministerio del Interior no han adoptado la decisi\u00f3n de querellarse por Ley Antiterrorista o de Seguridad Interior del Estado, el diputado por la zona, Henry Leal (UDI), advirti\u00f3 que los delegados presidenciales regionales y provinciales tambi\u00e9n podr\u00edan ser acusados constitucionalmente en el Congreso, sin descartar que sea una herramienta que puedan utilizar en el mediano o corto plazo.<\/p>\n\n\n\n<p class=\"wp-block-paragraph\">Al respecto, el parlamentario gremialista calific\u00f3 como \u201cabsolutamente inaceptables\u201d las \u00faltimas declaraciones del delegado de La Araucan\u00eda, Ra\u00fal Allard, quien tild\u00f3 como un \u201cdelito com\u00fan\u201d el ataque que la madrugada del viernes sufri\u00f3 un conductor en la Ruta 5 Sur, a la altura de Ercilla, lo que lo mantiene en estado grave tras recibir un impacto de bala en su cabeza.<\/p>\n\n\n\n<p class=\"wp-block-paragraph\">\u201cEs absolutamente inaceptable que la m\u00e1xima autoridad de nuestra regi\u00f3n se refiriera a este hecho como un simple \u2018delito com\u00fan\u2019, y que adem\u00e1s no tuviera la valent\u00eda de calificar el atentado como un acto terrorista frente a los medios de prensa. Si el uso de fusiles de guerra, como lo se\u00f1al\u00f3 la Fiscal\u00eda, no son motivos suficientes para calificar este acto como terrorista, me pregunto hasta d\u00f3nde tenemos que llegar para que las actuales autoridades dejen de justificar la violencia y empiecen a hablar las cosas por su nombre\u201d, cuestion\u00f3 el diputado UDI.<\/p>\n\n\n\n<p class=\"wp-block-paragraph\">Por lo mismo, y en caso de que las autoridades dependientes del Ministerio del Interior en La Araucan\u00eda contin\u00faen sin ejercer todas las herramientas que el Estado de Derecho les otorga, el representante del Distrito 23 no descart\u00f3 evaluar la presentaci\u00f3n de una acusaci\u00f3n constitucional en contra de todos los que tengan alg\u00fan tipo de responsabilidad en los hechos.<\/p>\n\n\n\n<p class=\"wp-block-paragraph\">\u201cComo diputado no voy a actuar con la misma negligencia como lo est\u00e1n haciendo las autoridades regionales del Gobierno. Porque as\u00ed como considero necesario que ellos utilicen todas las herramientas que la Constituci\u00f3n les confiere, como las querellas por Ley Antiterrorista o reponer el Estado de Excepci\u00f3n Constitucional, yo tambi\u00e9n voy a utilizar todas las facultades que tengo en materia de fiscalizaci\u00f3n, y una de ellas son las acusaciones constitucionales cuando vea que se est\u00e1n incumpliendo las obligaciones del cargo\u201d, reiter\u00f3 el parlamentario gremialista.<\/p>\n","protected":false},"excerpt":{"rendered":"<p>El Diputado Harnry Leal no descart\u00f3 utilizar dicha herramienta constitucional en caso de que las autoridades regionales sigan sin aplicar todo el rigor de la ley contra los grupos terroristas.<\/p>\n","protected":false},"author":1,"featured_media":5608,"comment_status":"closed","ping_status":"closed","sticky":false,"template":"","format":"standard","meta":{"footnotes":""},"categories":[3],"tags":[],"class_list":["post-5607","post","type-post","status-publish","format-standard","has-post-thumbnail","hentry","category-al-dia"],"_links":{"self":[{"href":"https:\/\/www.semanariolocal.cl\/index.php?rest_route=\/wp\/v2\/posts\/5607","targetHints":{"allow":["GET"]}}],"collection":[{"href":"https:\/\/www.semanariolocal.cl\/index.php?rest_route=\/wp\/v2\/posts"}],"about":[{"href":"https:\/\/www.semanariolocal.cl\/index.php?rest_route=\/wp\/v2\/types\/post"}],"author":[{"embeddable":true,"href":"https:\/\/www.semanariolocal.cl\/index.php?rest_route=\/wp\/v2\/users\/1"}],"replies":[{"embeddable":true,"href":"https:\/\/www.semanariolocal.cl\/index.php?rest_route=%2Fwp%2Fv2%2Fcomments&post=5607"}],"version-history":[{"count":1,"href":"https:\/\/www.semanariolocal.cl\/index.php?rest_route=\/wp\/v2\/posts\/5607\/revisions"}],"predecessor-version":[{"id":5609,"href":"https:\/\/www.semanariolocal.cl\/index.php?rest_route=\/wp\/v2\/posts\/5607\/revisions\/5609"}],"wp:featuredmedia":[{"embeddable":true,"href":"https:\/\/www.semanariolocal.cl\/index.php?rest_route=\/wp\/v2\/media\/5608"}],"wp:attachment":[{"href":"https:\/\/www.semanariolocal.cl\/index.php?rest_route=%2Fwp%2Fv2%2Fmedia&parent=5607"}],"wp:term":[{"taxonomy":"category","embeddable":true,"href":"https:\/\/www.semanariolocal.cl\/index.php?rest_route=%2Fwp%2Fv2%2Fcategories&post=5607"},{"taxonomy":"post_tag","embeddable":true,"href":"https:\/\/www.semanariolocal.cl\/index.php?rest_route=%2Fwp%2Fv2%2Ftags&post=5607"}],"curies":[{"name":"wp","href":"https:\/\/api.w.org\/{rel}","templated":true}]}}