{"id":5601,"date":"2022-04-25T09:58:00","date_gmt":"2022-04-25T13:58:00","guid":{"rendered":"https:\/\/www.semanariolocal.cl\/?p=5601"},"modified":"2022-04-25T22:05:08","modified_gmt":"2022-04-26T02:05:08","slug":"con-charla-magistral-santo-tomas-osorno-inauguro-ano-academico-2022","status":"publish","type":"post","link":"https:\/\/www.semanariolocal.cl\/?p=5601","title":{"rendered":"Con charla magistral Santo Tom\u00e1s Osorno inaugur\u00f3 a\u00f1o acad\u00e9mico 2022"},"content":{"rendered":"\n<p class=\"wp-block-paragraph\">El ex Intendente de la regi\u00f3n de Los R\u00edos, acad\u00e9mico y director del Centro de Estudios Regionales de la Universidad Austral de Chile, Dr. Egon Montecinos, fue el invitado encargado de dictar la charla magistral de la inauguraci\u00f3n del a\u00f1o acad\u00e9mico de las Instituciones Santo Tom\u00e1s Osorno, denominada \u201cCentralismo y Descentralizaci\u00f3n en Chile, pasado, presente y futuro: \u00bfqu\u00e9 se est\u00e1 discutiendo en la Convenci\u00f3n Constitucional?\u201d, instancia donde los presentes conocieron a modo general los lineamientos que se est\u00e1n discutiendo y definiendo sobre estas tem\u00e1ticas en el ex Congreso Nacional.<\/p>\n\n\n\n<p class=\"wp-block-paragraph\">En tanto, la Cuenta P\u00fablica e Inauguraci\u00f3n del A\u00f1o Acad\u00e9mico 2022 estuvo encabezada por el Rector de las Instituciones Santo Tom\u00e1s Osorno, Eugenio Larra\u00edn Hern\u00e1ndez, quien present\u00f3 un balance de los principales hitos y actividades que marcaron la gesti\u00f3n institucional el a\u00f1o 2021, destacando la acreditaci\u00f3n de la Universidad, Instituto Profesional y Centro de Formaci\u00f3n T\u00e9cnica en gesti\u00f3n institucional y docencia de pregrado, la primera por 4 a\u00f1os y las otras dos instituciones por 5 a\u00f1os respectivamente.<\/p>\n\n\n\n<p class=\"wp-block-paragraph\">En la ocasi\u00f3n, el Rector tambi\u00e9n dio a conocer el beneficio de gratuidad que recibieron 744 estudiantes pertenecientes al Centro de Formaci\u00f3n T\u00e9cnica, un hito importante para la casa de estudios que desde el a\u00f1o 2020 se encuentra adscrita a gratuidad permitiendo, de esta manera, ayudar a las familias de los alumnos y alumnas de Osorno y alrededores.<\/p>\n\n\n\n<p class=\"wp-block-paragraph\">\u201cLas acreditaciones obtenidas por parte de la Comisi\u00f3n Nacional de Acreditaci\u00f3n (CNA), nos llenan de orgullo y satisfacci\u00f3n por el reconocimiento de los avances alcanzados en materia de aseguramiento de la calidad y el cumplimiento de nuestro proyecto educativo, pero tambi\u00e9n constituyen un relevante paso que nos estimula a seguir avanzando y generando mayores oportunidades de desarrollo futuro en beneficio de nuestros estudiantes, avalados por nuestras acreditaciones. Este logro nos permiti\u00f3 postular a las tres instituciones a la gratuidad y con ello, tenemos la posibilidad de favorecer a cerca de 2\/3 de nuestros estudiantes correspondientes al 60% de menores ingresos y que cumplan con los requisitos establecidos, para que puedan financiar tanto la matr\u00edcula como el arancel de su carrera de manera gratuita\u201d, indic\u00f3 el Rector de Santo Tom\u00e1s Osorno.<\/p>\n\n\n\n<p class=\"wp-block-paragraph\">Respecto a las actividades de Vinculaci\u00f3n con el Medio, destacaron las desarrolladas por los estudiantes de las escuelas y \u00e1reas de salud y ciencias sociales, entre ellas, la participaci\u00f3n de los estudiantes de la carrera de Kinesiolog\u00eda&nbsp; y Enfermer\u00eda en el Programa de Trazabilidad del Hospital Base de Osorno, encargados de hacer las pesquisas de pacientes Covid y contactos estrechos, como as\u00ed tambi\u00e9n la destacable labor que han cumplido nuestros egresados del \u00e1rea de salud&nbsp; en la Unidad de Cuidados Intensivos del Hospital Base San Jos\u00e9 de Osorno y en el desarrollo de terapias a pacientes en diferentes unidades de salud.<\/p>\n\n\n\n<p class=\"wp-block-paragraph\">En este \u00e1mbito, tambi\u00e9n mencionar la Feria de la Ciencia y Tecnolog\u00eda, la conformaci\u00f3n de la primera Red Medioambiental de Santo Tom\u00e1s, los proyectos FIC destinados al cultivo de vides y que beneficia a peque\u00f1os agricultores de San Pablo y San Juan de la Costa, como as\u00ed tambi\u00e9n el mejoramiento de la calidad tur\u00edstica en Caletas C\u00f3ndor y Huellelhue y el de Acuapon\u00eda y eco-siembras en beneficio de los adultos mayores de Puerto Octay.<\/p>\n\n\n\n<p class=\"wp-block-paragraph\">Otras de las iniciativas abordadas fue el Programa de Cuidados Domiciliarios una adjudicaci\u00f3n efectuada en 2021 por las Instituciones Santo Tom\u00e1s de Puerto Montt y Osorno en conjunto con Senama, iniciativa que busca trabajar y contribuir al mejoramiento de la calidad de vida y al resguardo de la autonom\u00eda, dignidad e independencia de 400 adultos mayores de la Regi\u00f3n de Los Lagos, a trav\u00e9s de la entrega de servicios de apoyo y cuidados para quienes presentan dependencia moderada o severa y vulnerabilidad socioecon\u00f3mica en la realizaci\u00f3n de actividades de la vida diaria.<\/p>\n\n\n\n<p class=\"wp-block-paragraph\">Destacan adem\u00e1s los avances en infraestructura, como el nuevo y moderno Centro de Atenci\u00f3n Psicol\u00f3gica CAPS, ubicado en calle Nueva Mackenna 871 en pleno centro de la ciudad de Osorno, especialmente dise\u00f1ado para el desarrollo acad\u00e9mico y atenci\u00f3n de pacientes, as\u00ed como tambi\u00e9n un nuevo Centro de Aprendizaje, laboratorios para asignaturas de Ciencias B\u00e1sicas, Terapia Ocupacional y Tecnolog\u00eda M\u00e9dica y un nuevo gabinete podol\u00f3gico con atenciones gratuitas a la comunidad.<\/p>\n","protected":false},"excerpt":{"rendered":"<p>\u2022\tEl Rector de las Instituciones Santo Tom\u00e1s Osorno, Eugenio Larra\u00edn, encabez\u00f3 la actividad donde dio a conocer los principales hitos de la gesti\u00f3n realizada durante el 2021, entre ellos, la gratuidad que benefici\u00f3 a 744 estudiantes del Centro de Formaci\u00f3n T\u00e9cnica. <\/p>\n","protected":false},"author":1,"featured_media":5602,"comment_status":"closed","ping_status":"closed","sticky":false,"template":"","format":"standard","meta":{"footnotes":""},"categories":[11],"tags":[],"class_list":["post-5601","post","type-post","status-publish","format-standard","has-post-thumbnail","hentry","category-educacion"],"_links":{"self":[{"href":"https:\/\/www.semanariolocal.cl\/index.php?rest_route=\/wp\/v2\/posts\/5601","targetHints":{"allow":["GET"]}}],"collection":[{"href":"https:\/\/www.semanariolocal.cl\/index.php?rest_route=\/wp\/v2\/posts"}],"about":[{"href":"https:\/\/www.semanariolocal.cl\/index.php?rest_route=\/wp\/v2\/types\/post"}],"author":[{"embeddable":true,"href":"https:\/\/www.semanariolocal.cl\/index.php?rest_route=\/wp\/v2\/users\/1"}],"replies":[{"embeddable":true,"href":"https:\/\/www.semanariolocal.cl\/index.php?rest_route=%2Fwp%2Fv2%2Fcomments&post=5601"}],"version-history":[{"count":1,"href":"https:\/\/www.semanariolocal.cl\/index.php?rest_route=\/wp\/v2\/posts\/5601\/revisions"}],"predecessor-version":[{"id":5603,"href":"https:\/\/www.semanariolocal.cl\/index.php?rest_route=\/wp\/v2\/posts\/5601\/revisions\/5603"}],"wp:featuredmedia":[{"embeddable":true,"href":"https:\/\/www.semanariolocal.cl\/index.php?rest_route=\/wp\/v2\/media\/5602"}],"wp:attachment":[{"href":"https:\/\/www.semanariolocal.cl\/index.php?rest_route=%2Fwp%2Fv2%2Fmedia&parent=5601"}],"wp:term":[{"taxonomy":"category","embeddable":true,"href":"https:\/\/www.semanariolocal.cl\/index.php?rest_route=%2Fwp%2Fv2%2Fcategories&post=5601"},{"taxonomy":"post_tag","embeddable":true,"href":"https:\/\/www.semanariolocal.cl\/index.php?rest_route=%2Fwp%2Fv2%2Ftags&post=5601"}],"curies":[{"name":"wp","href":"https:\/\/api.w.org\/{rel}","templated":true}]}}