{"id":5598,"date":"2022-04-25T09:55:00","date_gmt":"2022-04-25T13:55:00","guid":{"rendered":"https:\/\/www.semanariolocal.cl\/?p=5598"},"modified":"2022-04-25T21:58:03","modified_gmt":"2022-04-26T01:58:03","slug":"diputadas-udi-piden-al-gobierno-crear-fondo-nacional-para-pago-de-pensiones-de-alimentos","status":"publish","type":"post","link":"https:\/\/www.semanariolocal.cl\/?p=5598","title":{"rendered":"Diputadas UDI piden al Gobierno crear Fondo Nacional para pago de pensiones de alimentos\u00a0"},"content":{"rendered":"\n<p class=\"wp-block-paragraph\">A ra\u00edz de la compleja situaci\u00f3n que viven la mayor\u00eda de los ni\u00f1os, ni\u00f1as y adolescentes del pa\u00eds que reciben pensiones de alimentos, debido al no pago de \u00e9stas, un grupo de parlamentarios de la UDI, liderados por las diputadas Flor Weisse y Marta Bravo, presentaron al Gobierno un proyecto de ley para crear un Fondo Nacional -con aportes fiscales-, que permita asegurar la entrega de recursos a las familias m\u00e1s vulnerables, evitando as\u00ed que los menores vean perjudicado su desarrollo producto de la irresponsabilidad de alguno de sus padres.<\/p>\n\n\n\n<p class=\"wp-block-paragraph\">Al respecto, las parlamentarias gremialistas advirtieron que en la actualidad existen cerca de 70 mil deudores, pero que m\u00e1s de un 80% de ellos se encuentran atrasados con el pago, lo que impacta directamente en el crecimiento, la educaci\u00f3n y la alimentaci\u00f3n de los menores, especialmente quienes provienen de familias de m\u00e1s escasos recursos.<\/p>\n\n\n\n<p class=\"wp-block-paragraph\">\u201cEstamos frente a un grave problema en nuestro pa\u00eds que afecta a un n\u00famero muy importante de ni\u00f1os y adolescentes, quienes est\u00e1n viendo en peligro su normal crecimiento debido a la irresponsabilidad de alguno de sus padres. Por eso es que estamos proponiendo la creaci\u00f3n de este Fondo Nacional, con recursos del Estado, que nos permitir\u00e1 ir inmediatamente en ayuda de miles de menores que hoy lo necesitan, especialmente los m\u00e1s vulnerables\u201d, se\u00f1alaron ambas parlamentarias.<\/p>\n\n\n\n<p class=\"wp-block-paragraph\">En esa l\u00ednea, y para evitar que la medida termine fomentando a los padres a no pagar las pensiones de alimentos decretadas por un tribunal, Weisse y Bravo propusieron que el Estado sea el que persiga a quienes adeuden dichos montos con las mismas reglas del Registro Nacional de Deudores de Pensiones de Alimentos, que entre otras medidas obliga a retenerles la devoluci\u00f3n de impuestos a quienes mantengan deudas.<\/p>\n\n\n\n<p class=\"wp-block-paragraph\">\u201cA contar de este a\u00f1o tenemos un registro s\u00faper importante, que incluye a todos los deudores y que faculta al Estado a retenerles distintos ingresos, como los cr\u00e9ditos bancarios que solicite la persona, las indemnizaciones laborales que reciba, entre otras. Por lo tanto, le hemos presentado este proyecto al Gobierno para que lo puedan patrocinar y tengamos un registro que permita ayudar a miles de menores, que hoy deben tener la primera prioridad\u201d, explicaron Weisse y Bravo.<\/p>\n","protected":false},"excerpt":{"rendered":"<p>Flor Weisse y Marta Bravo presentaron un proyecto para que el Estado ayude a los menores cuyos padres mantengan deudas impagas, y que luego ocupen las herramientas del Fondo Nacional de Deudores para recuperar los recursos. <\/p>\n","protected":false},"author":1,"featured_media":5599,"comment_status":"closed","ping_status":"closed","sticky":false,"template":"","format":"standard","meta":{"footnotes":""},"categories":[3,6],"tags":[],"class_list":["post-5598","post","type-post","status-publish","format-standard","has-post-thumbnail","hentry","category-al-dia","category-politica"],"_links":{"self":[{"href":"https:\/\/www.semanariolocal.cl\/index.php?rest_route=\/wp\/v2\/posts\/5598","targetHints":{"allow":["GET"]}}],"collection":[{"href":"https:\/\/www.semanariolocal.cl\/index.php?rest_route=\/wp\/v2\/posts"}],"about":[{"href":"https:\/\/www.semanariolocal.cl\/index.php?rest_route=\/wp\/v2\/types\/post"}],"author":[{"embeddable":true,"href":"https:\/\/www.semanariolocal.cl\/index.php?rest_route=\/wp\/v2\/users\/1"}],"replies":[{"embeddable":true,"href":"https:\/\/www.semanariolocal.cl\/index.php?rest_route=%2Fwp%2Fv2%2Fcomments&post=5598"}],"version-history":[{"count":1,"href":"https:\/\/www.semanariolocal.cl\/index.php?rest_route=\/wp\/v2\/posts\/5598\/revisions"}],"predecessor-version":[{"id":5600,"href":"https:\/\/www.semanariolocal.cl\/index.php?rest_route=\/wp\/v2\/posts\/5598\/revisions\/5600"}],"wp:featuredmedia":[{"embeddable":true,"href":"https:\/\/www.semanariolocal.cl\/index.php?rest_route=\/wp\/v2\/media\/5599"}],"wp:attachment":[{"href":"https:\/\/www.semanariolocal.cl\/index.php?rest_route=%2Fwp%2Fv2%2Fmedia&parent=5598"}],"wp:term":[{"taxonomy":"category","embeddable":true,"href":"https:\/\/www.semanariolocal.cl\/index.php?rest_route=%2Fwp%2Fv2%2Fcategories&post=5598"},{"taxonomy":"post_tag","embeddable":true,"href":"https:\/\/www.semanariolocal.cl\/index.php?rest_route=%2Fwp%2Fv2%2Ftags&post=5598"}],"curies":[{"name":"wp","href":"https:\/\/api.w.org\/{rel}","templated":true}]}}