{"id":5595,"date":"2022-04-25T09:52:00","date_gmt":"2022-04-25T13:52:00","guid":{"rendered":"https:\/\/www.semanariolocal.cl\/?p=5595"},"modified":"2022-04-25T21:55:14","modified_gmt":"2022-04-26T01:55:14","slug":"cplt-lanza-manual-simple-para-acercar-el-acceso-a-la-informacion-a-la-ciudadania","status":"publish","type":"post","link":"https:\/\/www.semanariolocal.cl\/?p=5595","title":{"rendered":"CPLT lanza manual simple para acercar el acceso a la informaci\u00f3n a la ciudadan\u00eda\u00a0"},"content":{"rendered":"\n<p>\u00bfQu\u00e9 pasa con la informaci\u00f3n p\u00fablica que se comunica a las y los ciudadanos?, \u00bfes comprendida? Esas fueron algunas de las materias que se abordaron hoy en el lanzamiento del Manual de la Instrucci\u00f3n General N\u00ba 10 del Consejo para la Transparencia (CPLT), gu\u00eda en la que se explica en t\u00e9rminos sencillos el procedimiento que cada servicio debe considerar para responder a solicitudes de acceso a la informaci\u00f3n por parte de los organismos del Estado.&nbsp;<\/p>\n\n\n\n<p>La titular del CPLT, Gloria de la Fuente, subray\u00f3 que el objetivo de este tipo de acciones es acercar la informaci\u00f3n a las personas, y es una muestra del compromiso de las instituciones por entregar un mejor servicio a la ciudadan\u00eda a partir del uso de principios de lenguaje claro.&nbsp;&nbsp;<\/p>\n\n\n\n<p>La representante del Consejo detall\u00f3 que este trabajo es \u201cparte del esfuerzo que hemos realizado para aproximar el acceso a la informaci\u00f3n p\u00fablica a las personas\u201d. Agreg\u00f3 que esto ocurre en un contexto importante tras la reciente aprobaci\u00f3n -el pasado viernes 23 de abril- por parte del pleno de la Convenci\u00f3n Constitucional el reconocimiento del derecho de acceso a la informaci\u00f3n p\u00fablica.&nbsp;&nbsp;<\/p>\n\n\n\n<p>Agreg\u00f3 este esfuerzo del CPLT se suma a otras iniciativas de diversas instituciones p\u00fablicas que \u201cbuscan potenciar aquello que ha sido siempre un compromiso en nuestra instituci\u00f3n, que es mejorar la relaci\u00f3n entre Estado y ciudadan\u00eda\u201d. Asimismo, relev\u00f3 el rol de los principios de lenguaje claro en la comunicaci\u00f3n p\u00fablica. Al respecto asever\u00f3 que no se trata de un \u201cmero hecho informativo, sino que pretende empoderar a los ciudadanos para que ejerzan su derecho a exigir informaci\u00f3n de la gesti\u00f3n p\u00fablica y participar en la toma de decisiones\u201d.&nbsp;&nbsp;<\/p>\n\n\n\n<p>Ana Mar\u00eda Mu\u00f1oz, directora de Jur\u00eddica del CPLT indic\u00f3 a su vez que el manual no reemplaza ni actualiza la Instrucci\u00f3n General N\u00b010, enfatizando en la necesidad de colaborar con una mejor comprensi\u00f3n de las etapas que deben cumplirse en este procedimiento.&nbsp;&nbsp;<\/p>\n\n\n\n<p>La coordinadora de la Comisi\u00f3n de Integridad P\u00fablica y Transparencia, Cristina Vio, valor\u00f3 las acciones en materia de lenguaje claro, \u201cpuesto que el ejercicio de la funci\u00f3n p\u00fablica implica estar en permanente servicio a la ciudadan\u00eda\u201d, que adem\u00e1s de permanente debe ser eficaz. Este tipo de acciones, dijo, permite fortalecer la democracia y la participaci\u00f3n.&nbsp;&nbsp;&nbsp;<\/p>\n\n\n\n<p>Esta actividad se desarroll\u00f3 en el marco de la conmemoraci\u00f3n del aniversario de la Ley de Transparencia y con ella se inicia la \u201cSemana de la Transparencia\u201d, y se suma a una serie de iniciativas impulsadas por entidades p\u00fablicas que forman parte de la Red de Lenguaje Claro.<\/p>\n","protected":false},"excerpt":{"rendered":"<p>Consejo para la Transparencia (CPLT), present\u00f3 el Manual de la Instrucci\u00f3n General N\u00b0 10 del organismo, que aborda detalles del procedimiento para explicar con t\u00e9rminos sencillos a funcionarios y personas que desean solicitar informaci\u00f3n a entidades p\u00fablicas.<\/p>\n","protected":false},"author":1,"featured_media":5596,"comment_status":"closed","ping_status":"closed","sticky":false,"template":"","format":"standard","meta":{"footnotes":""},"categories":[3],"tags":[],"class_list":["post-5595","post","type-post","status-publish","format-standard","has-post-thumbnail","hentry","category-al-dia"],"_links":{"self":[{"href":"https:\/\/www.semanariolocal.cl\/index.php?rest_route=\/wp\/v2\/posts\/5595","targetHints":{"allow":["GET"]}}],"collection":[{"href":"https:\/\/www.semanariolocal.cl\/index.php?rest_route=\/wp\/v2\/posts"}],"about":[{"href":"https:\/\/www.semanariolocal.cl\/index.php?rest_route=\/wp\/v2\/types\/post"}],"author":[{"embeddable":true,"href":"https:\/\/www.semanariolocal.cl\/index.php?rest_route=\/wp\/v2\/users\/1"}],"replies":[{"embeddable":true,"href":"https:\/\/www.semanariolocal.cl\/index.php?rest_route=%2Fwp%2Fv2%2Fcomments&post=5595"}],"version-history":[{"count":1,"href":"https:\/\/www.semanariolocal.cl\/index.php?rest_route=\/wp\/v2\/posts\/5595\/revisions"}],"predecessor-version":[{"id":5597,"href":"https:\/\/www.semanariolocal.cl\/index.php?rest_route=\/wp\/v2\/posts\/5595\/revisions\/5597"}],"wp:featuredmedia":[{"embeddable":true,"href":"https:\/\/www.semanariolocal.cl\/index.php?rest_route=\/wp\/v2\/media\/5596"}],"wp:attachment":[{"href":"https:\/\/www.semanariolocal.cl\/index.php?rest_route=%2Fwp%2Fv2%2Fmedia&parent=5595"}],"wp:term":[{"taxonomy":"category","embeddable":true,"href":"https:\/\/www.semanariolocal.cl\/index.php?rest_route=%2Fwp%2Fv2%2Fcategories&post=5595"},{"taxonomy":"post_tag","embeddable":true,"href":"https:\/\/www.semanariolocal.cl\/index.php?rest_route=%2Fwp%2Fv2%2Ftags&post=5595"}],"curies":[{"name":"wp","href":"https:\/\/api.w.org\/{rel}","templated":true}]}}