{"id":5592,"date":"2022-04-25T21:52:33","date_gmt":"2022-04-26T01:52:33","guid":{"rendered":"https:\/\/www.semanariolocal.cl\/?p=5592"},"modified":"2022-04-25T21:52:33","modified_gmt":"2022-04-26T01:52:33","slug":"core-aprueba-importante-aumento-de-recursos-para-mejoramiento-de-infraestructura-en-salud","status":"publish","type":"post","link":"https:\/\/www.semanariolocal.cl\/?p=5592","title":{"rendered":"CORE aprueba Importante aumento de recursos para mejoramiento de infraestructura en salud"},"content":{"rendered":"\n<p class=\"wp-block-paragraph\">En su \u00faltima sesi\u00f3n plenaria, el Consejo Regional de Los Lagos, que dirigi\u00f3 el gobernador regional, Patricio Vallespin, realizada en Palena, se aprob\u00f3 aumento de presupuesto para continuar con importantes obras de salud para la provincia de Osorno, quien indic\u00f3&nbsp;\u201chemos tomado muy buenas decisiones, eso habla bien del Consejo Regional que est\u00e1 en terreno, ac\u00e1 en Palena con proyectos muy diversos e importantes, en este caso para la provincia de Osorno\u201d.<\/p>\n\n\n\n<p class=\"wp-block-paragraph\">Para la reposici\u00f3n del consultorio rural de Bah\u00eda Mansa ubicada en San Juan de La Costa\u201d, se aprob\u00f3 el aumento de presupuesto de un 42,57%, ($1.101.470.000), totalizando $3.688.698.000.&nbsp;<\/p>\n\n\n\n<p class=\"wp-block-paragraph\">En tanto, para la comuna de R\u00edo Negro se aprobaron los aumento de presupuestos para la construcci\u00f3n del CECOSF urbano Chifin comuna de R\u00edo Negro, de un 29% ($171.045.000), totalizando $771.045.000, que beneficiar\u00e1 a cerca de 3 mil personas y para el mejoramiento Hospital R\u00edo Negro, un aumento de presupuesto del 37,75% ($808.499.000), totalizando $2.950.334.000, que beneficiar\u00e1 a m\u00e1s de 12 mil personas . Proyectos que fueron presentados por el Servicio de Salud de Osorno al pleno del Core.<\/p>\n","protected":false},"excerpt":{"rendered":"<p>En su \u00faltima sesi\u00f3n plenaria, el Consejo Regional de Los Lagos, que dirigi\u00f3 el gobernador regional, Patricio Vallespin, realizada en Palena, se aprob\u00f3 aumento de presupuesto para continuar con importantes obras de salud para la provincia de Osorno, quien indic\u00f3&nbsp;\u201chemos tomado muy buenas decisiones, eso habla bien del Consejo Regional que est\u00e1 en terreno, ac\u00e1&#8230;<a class=\"btnReadMore\" href=\"https:\/\/www.semanariolocal.cl\/?p=5592\"> Leer M\u00e1s<\/a><\/p>\n","protected":false},"author":1,"featured_media":5593,"comment_status":"closed","ping_status":"closed","sticky":false,"template":"","format":"standard","meta":{"footnotes":""},"categories":[3],"tags":[],"class_list":["post-5592","post","type-post","status-publish","format-standard","has-post-thumbnail","hentry","category-al-dia"],"_links":{"self":[{"href":"https:\/\/www.semanariolocal.cl\/index.php?rest_route=\/wp\/v2\/posts\/5592","targetHints":{"allow":["GET"]}}],"collection":[{"href":"https:\/\/www.semanariolocal.cl\/index.php?rest_route=\/wp\/v2\/posts"}],"about":[{"href":"https:\/\/www.semanariolocal.cl\/index.php?rest_route=\/wp\/v2\/types\/post"}],"author":[{"embeddable":true,"href":"https:\/\/www.semanariolocal.cl\/index.php?rest_route=\/wp\/v2\/users\/1"}],"replies":[{"embeddable":true,"href":"https:\/\/www.semanariolocal.cl\/index.php?rest_route=%2Fwp%2Fv2%2Fcomments&post=5592"}],"version-history":[{"count":1,"href":"https:\/\/www.semanariolocal.cl\/index.php?rest_route=\/wp\/v2\/posts\/5592\/revisions"}],"predecessor-version":[{"id":5594,"href":"https:\/\/www.semanariolocal.cl\/index.php?rest_route=\/wp\/v2\/posts\/5592\/revisions\/5594"}],"wp:featuredmedia":[{"embeddable":true,"href":"https:\/\/www.semanariolocal.cl\/index.php?rest_route=\/wp\/v2\/media\/5593"}],"wp:attachment":[{"href":"https:\/\/www.semanariolocal.cl\/index.php?rest_route=%2Fwp%2Fv2%2Fmedia&parent=5592"}],"wp:term":[{"taxonomy":"category","embeddable":true,"href":"https:\/\/www.semanariolocal.cl\/index.php?rest_route=%2Fwp%2Fv2%2Fcategories&post=5592"},{"taxonomy":"post_tag","embeddable":true,"href":"https:\/\/www.semanariolocal.cl\/index.php?rest_route=%2Fwp%2Fv2%2Ftags&post=5592"}],"curies":[{"name":"wp","href":"https:\/\/api.w.org\/{rel}","templated":true}]}}