{"id":5541,"date":"2022-04-23T17:53:48","date_gmt":"2022-04-23T21:53:48","guid":{"rendered":"https:\/\/www.semanariolocal.cl\/?p=5541"},"modified":"2022-04-23T17:53:48","modified_gmt":"2022-04-23T21:53:48","slug":"diputada-nuyado-suscribe-proyecto-para-suspender-el-pago-del-cae","status":"publish","type":"post","link":"https:\/\/www.semanariolocal.cl\/?p=5541","title":{"rendered":"Diputada Nuyado suscribe proyecto para suspender el pago del CAE"},"content":{"rendered":"\n<p>El presidente de la comisi\u00f3n de Educaci\u00f3n de la C\u00e1mara de Diputados y Diputadas, Juan Santana, junto a los diputados y diputadas socialistas Emilia Nuyado, Jaime Naranjo, Danisa Astudillo y Ra\u00fal Leiva, proponen que en tanto el nuevo gobierno ingresa un proyecto de ley que condone las deudas educativas y ponga fin al CAE, se permita suspender el pago a aquellos deudores que se vean incapacitados de pagar el cr\u00e9dito por diferentes razones de fuerza mayor; ya que actualmente la ley permite la suspensi\u00f3n de pago s\u00f3lo en caso de cesant\u00eda, pero no contempla, por ejemplo, enfermedad del deudor o de sus familiares directos.<\/p>\n\n\n\n<p>El proyecto busca ser una puerta de entrada a la discusi\u00f3n de la eventual condonaci\u00f3n por parte del gobierno del Cr\u00e9dito con Aval del Estado y para apoyar a aquellos deudores que est\u00e1n, sumado a la crisis econ\u00f3mica que est\u00e1 atravesando el pa\u00eds, con complicaciones econ\u00f3micas para pagar las cuotas del cr\u00e9dito.<\/p>\n\n\n\n<p>La iniciativa surgi\u00f3 luego que una egresada de ingenier\u00eda comercial que estudi\u00f3 con CAE enviara una carta a la Comisi\u00f3n de Educaci\u00f3n de la C\u00e1mara de Diputados, exponiendo las dificultades que ha tenido luego de ser diagnosticada de c\u00e1ncer de mama grado II, la cual solicit\u00f3 postergaci\u00f3n a la entidad bancaria y Comisi\u00f3n Ingresa sin \u00e9xito, dado que no se contempla esta causa en la ley.<\/p>\n\n\n\n<p>Es por ello que la moci\u00f3n propone ampliar las causales por las que se puede solicitar suspensi\u00f3n temporal del pago del cr\u00e9dito y evitar los efectos de la mora del deudor cuando su c\u00f3nyuge o conviviente civil, hijo, padre o madre, o el propio deudor enfrenten, como es el caso anterior, enfermedades que imposibiliten el pago del cr\u00e9dito, o cualquier otra causal de impedimento que deber\u00e1 evaluar la Comisi\u00f3n Ingresa.<\/p>\n\n\n\n<p>Al respecto, el autor del proyecto, el diputado Juan Santana, dijo: \u201cEl compromiso que se hizo durante la campa\u00f1a por parte del Presidente Gabriel Boric en su programa respecto a condonar el Cr\u00e9dito con Aval del Estado es algo que nos convoca a todos y todas. Sin embargo, hoy d\u00eda existe una urgencia de estas personas que se encuentran impedidas de poder pagar estas deudas que se van acumulando durante todos estos a\u00f1os y son de un alto costo para muchas personas\u201d.<\/p>\n\n\n\n<p>\u201cLe hemos planteado ideas similares al Ministerio de Educaci\u00f3n y esperamos que sean bien recibidas por parte del ministro y se pueda tramitar en la comisi\u00f3n de Educaci\u00f3n\u201d, enfatiz\u00f3 Santana.<\/p>\n\n\n\n<p>Por su parte, la diputada Emilia Nuyado se\u00f1al\u00f3 que \u00bb est\u00e1 iniciativa es valorable y ayuda a paliar en algo la situaci\u00f3n de miles de familias que no tienen apoyo de ning\u00fan tipo y que tienen a sus hijos en la educaci\u00f3n superior\u00bb.<\/p>\n\n\n\n<p>\u201cCualquier proyecto que ayude a aliviar la vida de las personas en estos momentos es importante, sobre todo si estamos hablando de un bien tan preciado como la educaci\u00f3n de nuestros hijos\u201d afirm\u00f3 Nuyado.<\/p>\n","protected":false},"excerpt":{"rendered":"<p>Diputados del Partido Socialista presentaron el proyecto liderado por del diputado Juan Santana, Presidente de la Comisi\u00f3n de Educaci\u00f3n.<\/p>\n","protected":false},"author":1,"featured_media":5542,"comment_status":"closed","ping_status":"closed","sticky":false,"template":"","format":"standard","meta":{"footnotes":""},"categories":[3,6],"tags":[],"class_list":["post-5541","post","type-post","status-publish","format-standard","has-post-thumbnail","hentry","category-al-dia","category-politica"],"_links":{"self":[{"href":"https:\/\/www.semanariolocal.cl\/index.php?rest_route=\/wp\/v2\/posts\/5541","targetHints":{"allow":["GET"]}}],"collection":[{"href":"https:\/\/www.semanariolocal.cl\/index.php?rest_route=\/wp\/v2\/posts"}],"about":[{"href":"https:\/\/www.semanariolocal.cl\/index.php?rest_route=\/wp\/v2\/types\/post"}],"author":[{"embeddable":true,"href":"https:\/\/www.semanariolocal.cl\/index.php?rest_route=\/wp\/v2\/users\/1"}],"replies":[{"embeddable":true,"href":"https:\/\/www.semanariolocal.cl\/index.php?rest_route=%2Fwp%2Fv2%2Fcomments&post=5541"}],"version-history":[{"count":1,"href":"https:\/\/www.semanariolocal.cl\/index.php?rest_route=\/wp\/v2\/posts\/5541\/revisions"}],"predecessor-version":[{"id":5543,"href":"https:\/\/www.semanariolocal.cl\/index.php?rest_route=\/wp\/v2\/posts\/5541\/revisions\/5543"}],"wp:featuredmedia":[{"embeddable":true,"href":"https:\/\/www.semanariolocal.cl\/index.php?rest_route=\/wp\/v2\/media\/5542"}],"wp:attachment":[{"href":"https:\/\/www.semanariolocal.cl\/index.php?rest_route=%2Fwp%2Fv2%2Fmedia&parent=5541"}],"wp:term":[{"taxonomy":"category","embeddable":true,"href":"https:\/\/www.semanariolocal.cl\/index.php?rest_route=%2Fwp%2Fv2%2Fcategories&post=5541"},{"taxonomy":"post_tag","embeddable":true,"href":"https:\/\/www.semanariolocal.cl\/index.php?rest_route=%2Fwp%2Fv2%2Ftags&post=5541"}],"curies":[{"name":"wp","href":"https:\/\/api.w.org\/{rel}","templated":true}]}}