{"id":5537,"date":"2022-04-22T14:25:09","date_gmt":"2022-04-22T18:25:09","guid":{"rendered":"https:\/\/www.semanariolocal.cl\/?p=5537"},"modified":"2022-04-22T16:10:12","modified_gmt":"2022-04-22T20:10:12","slug":"diputado-bernales-expuso-en-la-camara-la-delicada-situacion-del-samu-de-castro","status":"publish","type":"post","link":"https:\/\/www.semanariolocal.cl\/?p=5537","title":{"rendered":"Diputado Bernales expuso en la C\u00e1mara la delicada situaci\u00f3n del Samu de Castro"},"content":{"rendered":"\n<p>El diputado por el distrito 26 Alejandro Bernales (PL) expuso en el pleno de la C\u00e1mara Baja la delicada situaci\u00f3n por la que han atravesado las y los funcionarios de la Base Samu de Castro, quienes perdieron producto de un incendio el lugar f\u00edsico donde operaban.<\/p>\n\n\n\n<p>En la misma alocuci\u00f3n, el legislador record\u00f3 las diversas acciones que \u00e9stos funcionarios a trav\u00e9s de los gremios de la salud de Chilo\u00e9 han expuesto para lograr un lugar de trabajo digno y tambi\u00e9n las distintas dificultades que han atravesado para cumplir con sus labores, entre otras, el haber permanecido d\u00edas en un paradero de locomoci\u00f3n colectiva esperando el llamado de&nbsp; emergencia, al no contar con un lugar \u00f3ptimo para ello.<\/p>\n\n\n\n<p>\u201cHe conversado con la multigremial de la direcci\u00f3n del Servicio de Salud Chilo\u00e9 que agrupa a la Fenpruss y Fenats Hist\u00f3rica respecto a una situaci\u00f3n que ocurri\u00f3 la semana pasada, del lamentable incendio de la Base Samu de Castro. Las y los funcionarios que trabajan all\u00ed ya hab\u00edan alertado a las autoridades sobre las condiciones sanitarias de este recinto y que lamentablemente termin\u00f3 en un incendio\u201d, expres\u00f3 el diputado.<\/p>\n\n\n\n<p>En esta misma l\u00ednea sum\u00f3 que \u201choy hemos visto c\u00f3mo las y los funcionarios trabajan en condiciones muy poco dignas, incluso en un principio lo hicieron en un paradero de la locomoci\u00f3n colectiva, entonces vengo a solicitar que se ofici\u00e9 al Ministerio de Salud y al Ministerio de Desarrollo Social. Al Ministerio de Desarrollo Social para que se pueda acelerar la recomendaci\u00f3n social (RS) para la nueva Base Samu de la comuna de Castro y al Minsal para que puedan ayudar a buscar un espacio f\u00edsico que re\u00fana las condiciones b\u00e1sicas m\u00ednimas del MInsal para que est\u00e9 el Samu de Castro\u201d.<\/p>\n\n\n\n<p>Del mismo modo el liberal llam\u00f3 a las autoridades a poner atenci\u00f3n tambi\u00e9n a las condiciones estructurales que hoy presentan las Bases Samu de Ancud y Quell\u00f3n.<\/p>\n","protected":false},"excerpt":{"rendered":"<p>Solicit\u00f3 oficiar al Minsal para proporcionarle un lugar digno a los funcionarios que perdieron su recinto tras un voraz incendio<\/p>\n","protected":false},"author":1,"featured_media":5538,"comment_status":"closed","ping_status":"closed","sticky":false,"template":"","format":"standard","meta":{"footnotes":""},"categories":[3],"tags":[],"class_list":["post-5537","post","type-post","status-publish","format-standard","has-post-thumbnail","hentry","category-al-dia"],"_links":{"self":[{"href":"https:\/\/www.semanariolocal.cl\/index.php?rest_route=\/wp\/v2\/posts\/5537","targetHints":{"allow":["GET"]}}],"collection":[{"href":"https:\/\/www.semanariolocal.cl\/index.php?rest_route=\/wp\/v2\/posts"}],"about":[{"href":"https:\/\/www.semanariolocal.cl\/index.php?rest_route=\/wp\/v2\/types\/post"}],"author":[{"embeddable":true,"href":"https:\/\/www.semanariolocal.cl\/index.php?rest_route=\/wp\/v2\/users\/1"}],"replies":[{"embeddable":true,"href":"https:\/\/www.semanariolocal.cl\/index.php?rest_route=%2Fwp%2Fv2%2Fcomments&post=5537"}],"version-history":[{"count":1,"href":"https:\/\/www.semanariolocal.cl\/index.php?rest_route=\/wp\/v2\/posts\/5537\/revisions"}],"predecessor-version":[{"id":5539,"href":"https:\/\/www.semanariolocal.cl\/index.php?rest_route=\/wp\/v2\/posts\/5537\/revisions\/5539"}],"wp:featuredmedia":[{"embeddable":true,"href":"https:\/\/www.semanariolocal.cl\/index.php?rest_route=\/wp\/v2\/media\/5538"}],"wp:attachment":[{"href":"https:\/\/www.semanariolocal.cl\/index.php?rest_route=%2Fwp%2Fv2%2Fmedia&parent=5537"}],"wp:term":[{"taxonomy":"category","embeddable":true,"href":"https:\/\/www.semanariolocal.cl\/index.php?rest_route=%2Fwp%2Fv2%2Fcategories&post=5537"},{"taxonomy":"post_tag","embeddable":true,"href":"https:\/\/www.semanariolocal.cl\/index.php?rest_route=%2Fwp%2Fv2%2Ftags&post=5537"}],"curies":[{"name":"wp","href":"https:\/\/api.w.org\/{rel}","templated":true}]}}