{"id":5519,"date":"2022-04-21T13:14:49","date_gmt":"2022-04-21T17:14:49","guid":{"rendered":"https:\/\/www.semanariolocal.cl\/?p=5519"},"modified":"2022-04-21T13:14:49","modified_gmt":"2022-04-21T17:14:49","slug":"saesa-activo-plan-de-contingencia-ante-sistema-frontal-pronosticado-para-la-zona","status":"publish","type":"post","link":"https:\/\/www.semanariolocal.cl\/?p=5519","title":{"rendered":"Saesa activ\u00f3 plan de contingencia ante sistema frontal pronosticado para la zona"},"content":{"rendered":"\n<p>Ante el anuncio de tormenta el\u00e9ctrica informado por la Direcci\u00f3n Meteorol\u00f3gica de Chile\/Onemi, desde la empresa el\u00e9ctrica informaron que activaron su plan de contingencia para atender de manera eficiente los requerimientos de vecinos ante posibles cortes de suministro el\u00e9ctrico producto del temporal.<\/p>\n\n\n\n<p>Este plan contempla el refuerzo de personal de terreno, log\u00edstico y de atenci\u00f3n en contact center y redes sociales, con el prop\u00f3sito de dar una r\u00e1pida atenci\u00f3n a los usuarios, indic\u00f3 el Jefe Servicio al Cliente de Saesa, Pablo Jaramillo \u201cAnte posible falta de suministro es muy importante que nuestros clientes nos avisen a trav\u00e9s de nuestros canales de contacto para acudir al sector, reparar las instalaciones y reanudar el servicio lo antes posible. Entre m\u00e1s pronto nos avisen, m\u00e1s pronto podremos dar la atenci\u00f3n que necesitan\u201d, enfatiz\u00f3 el ejecutivo.<\/p>\n\n\n\n<p>Como parte de este plan de contingencia, la empresa el\u00e9ctrica se encuentra realizando una campa\u00f1a informativa para que los clientes conozcan los canales de comunicaci\u00f3n de la empresa, principalmente la l\u00ednea gratuita 800 600 801.<\/p>\n\n\n\n<p>\u201cNuestras brigadas, personal t\u00e9cnico y de atenci\u00f3n de canales de contacto estar\u00e1n trabajando con turnos reforzados para poder atender los eventuales requerimientos de nuestros clientes producto de este sistema frontal\u201d, finaliz\u00f3 el ejecutivo.<\/p>\n\n\n\n<p><strong>Canales de atenci\u00f3n<\/strong><\/p>\n\n\n\n<ul class=\"wp-block-list\"><li>Fanpage de Facebook @Saesa<\/li><li>L\u00ednea gratuita 800 600 801<\/li><li>Mensaje de texto con la palabra LUZ, signo #, seguido del n\u00famero de cliente al 4020 .<\/li><li><a href=\"http:\/\/www.saesa.cl\/\" target=\"_blank\" rel=\"noreferrer noopener\">www.Saesa.cl<\/a><\/li><li><a href=\"mailto:info@saesa.cl\" target=\"_blank\" rel=\"noreferrer noopener\">info@saesa.cl<\/a><\/li><\/ul>\n","protected":false},"excerpt":{"rendered":"<p>Ante el anuncio de tormenta el\u00e9ctrica informado por la Direcci\u00f3n Meteorol\u00f3gica de Chile\/Onemi, desde la empresa el\u00e9ctrica informaron que activaron su plan de contingencia para atender de manera eficiente los requerimientos de vecinos ante posibles cortes de suministro el\u00e9ctrico producto del temporal. Este plan contempla el refuerzo de personal de terreno, log\u00edstico y de atenci\u00f3n&#8230;<a class=\"btnReadMore\" href=\"https:\/\/www.semanariolocal.cl\/?p=5519\"> Leer M\u00e1s<\/a><\/p>\n","protected":false},"author":1,"featured_media":5520,"comment_status":"closed","ping_status":"closed","sticky":false,"template":"","format":"standard","meta":{"footnotes":""},"categories":[3],"tags":[],"class_list":["post-5519","post","type-post","status-publish","format-standard","has-post-thumbnail","hentry","category-al-dia"],"_links":{"self":[{"href":"https:\/\/www.semanariolocal.cl\/index.php?rest_route=\/wp\/v2\/posts\/5519","targetHints":{"allow":["GET"]}}],"collection":[{"href":"https:\/\/www.semanariolocal.cl\/index.php?rest_route=\/wp\/v2\/posts"}],"about":[{"href":"https:\/\/www.semanariolocal.cl\/index.php?rest_route=\/wp\/v2\/types\/post"}],"author":[{"embeddable":true,"href":"https:\/\/www.semanariolocal.cl\/index.php?rest_route=\/wp\/v2\/users\/1"}],"replies":[{"embeddable":true,"href":"https:\/\/www.semanariolocal.cl\/index.php?rest_route=%2Fwp%2Fv2%2Fcomments&post=5519"}],"version-history":[{"count":1,"href":"https:\/\/www.semanariolocal.cl\/index.php?rest_route=\/wp\/v2\/posts\/5519\/revisions"}],"predecessor-version":[{"id":5521,"href":"https:\/\/www.semanariolocal.cl\/index.php?rest_route=\/wp\/v2\/posts\/5519\/revisions\/5521"}],"wp:featuredmedia":[{"embeddable":true,"href":"https:\/\/www.semanariolocal.cl\/index.php?rest_route=\/wp\/v2\/media\/5520"}],"wp:attachment":[{"href":"https:\/\/www.semanariolocal.cl\/index.php?rest_route=%2Fwp%2Fv2%2Fmedia&parent=5519"}],"wp:term":[{"taxonomy":"category","embeddable":true,"href":"https:\/\/www.semanariolocal.cl\/index.php?rest_route=%2Fwp%2Fv2%2Fcategories&post=5519"},{"taxonomy":"post_tag","embeddable":true,"href":"https:\/\/www.semanariolocal.cl\/index.php?rest_route=%2Fwp%2Fv2%2Ftags&post=5519"}],"curies":[{"name":"wp","href":"https:\/\/api.w.org\/{rel}","templated":true}]}}