{"id":5511,"date":"2022-04-21T12:44:26","date_gmt":"2022-04-21T16:44:26","guid":{"rendered":"https:\/\/www.semanariolocal.cl\/?p=5511"},"modified":"2022-04-21T12:44:26","modified_gmt":"2022-04-21T16:44:26","slug":"marejadas-constituyentes","status":"publish","type":"post","link":"https:\/\/www.semanariolocal.cl\/?p=5511","title":{"rendered":"Marejadas Constituyentes"},"content":{"rendered":"\n<p>Mucha agua o mejor dicho \u201cfuertes marejadas\u201d han corrido bajo el puente, desde que el 25 de octubre de 2020 una abrumadora mayor\u00eda de chilenas y chilenos decidieron, a trav\u00e9s de un plebiscito, que se redacte una nueva Constituci\u00f3n v\u00eda una Convenci\u00f3n Constituyente.<\/p>\n\n\n\n<p>155 representantes fueron elegidos por la ciudadan\u00eda, para elaborar y olvidar la Constituci\u00f3n de 1980, engendrada por la Dictadura de Pinochet. Pero lo que empez\u00f3 como un proceso cargado de simbolismo y esperanza, con un grupo representativo, con pueblos ind\u00edgenas protagonistas y paridad de g\u00e9nero, poco a poco se fue desinflando con la falsa enfermedad de Rojas Vade, un progresismo dividido y err\u00e1tico y \u2013sobre todo &#8211; una derecha reacia a todo cambio y una prensa fuertemente cr\u00edtica.<\/p>\n\n\n\n<p>Son m\u00e1s de mil doscientas normas a aprobar, por los dos tercios de los convencionales. Resalta la reforma a la salud, los derechos reproductivos y la pol\u00e9mica nacionalizaci\u00f3n del cobre. Gran revuelo ha alcanzado \u2013sobre todo entre los incumbentes &#8211; la disoluci\u00f3n del Senado y su reemplazo por una C\u00e1mara de las Regiones. Expectativa tambi\u00e9n generan las reformas laborales, en un contexto de inflaci\u00f3n inaguantable, baja generaci\u00f3n de empleo y desarrollo econ\u00f3mico.<\/p>\n\n\n\n<p>Las propuestas de la Convenci\u00f3n han sido amasadas con mucho conflicto, los reclamos por la falta de cohesi\u00f3n, dentro de los mismos constituyentes y una r\u00e1pida fragmentaci\u00f3n, unida a lo que muchos interpretan como extremismo en las indicaciones, han calado en la opini\u00f3n p\u00fablica, donde la aprobaci\u00f3n ciudadana parece caer estrepitosamente, al menos es lo que dicen las encuestas.<\/p>\n\n\n\n<p>Se pidi\u00f3 un nuevo plazo para presentar el proyecto de una nueva Carta Magna; si no se cumple, seguir\u00e1 rigiendo la Constituci\u00f3n de 1980. La suerte del Presidente Gabriel Boric, tambi\u00e9n pende de esta Convenci\u00f3n, sobre todo para dar cuerpo a su reforma a la Salud y al \u00e1mbito laboral.<\/p>\n\n\n\n<p>Este 4 de septiembre, cuando se vote por la aprobaci\u00f3n o no de la nueva Constituci\u00f3n, emerger\u00e1 un nuevo Chile, gane quien gane. Con el voto obligatorio, los chilenos y chilenas \u2013y extranjeros avecindados-, decidiremos el pa\u00eds que queremos, quiz\u00e1s los avatares de este proceso pesen en el resultado final, pero las convicciones, la esperanza y la reconocida sabidur\u00eda de la gente de seguro ser\u00e1n m\u00e1s fuertes que marejadas y vaivenes constituyentes.<\/p>\n\n\n\n<p><strong>Carlos Schneider Y\u00e1\u00f1ez<\/strong> &#8211; <strong>Odont\u00f3logo y Mag\u00edster en Gesti\u00f3n en Salud<\/strong> &#8211; <strong>Universidad de Chile<\/strong> &#8211; <strong>M.B.A. Tulane University (USA)<\/strong><\/p>\n","protected":false},"excerpt":{"rendered":"<p>Mucha agua o mejor dicho \u201cfuertes marejadas\u201d han corrido bajo el puente, desde que el 25 de octubre de 2020 una abrumadora mayor\u00eda de chilenas y chilenos decidieron, a trav\u00e9s de un plebiscito, que se redacte una nueva Constituci\u00f3n v\u00eda una Convenci\u00f3n Constituyente. 155 representantes fueron elegidos por la ciudadan\u00eda, para elaborar y olvidar la&#8230;<a class=\"btnReadMore\" href=\"https:\/\/www.semanariolocal.cl\/?p=5511\"> Leer M\u00e1s<\/a><\/p>\n","protected":false},"author":1,"featured_media":5512,"comment_status":"closed","ping_status":"closed","sticky":false,"template":"","format":"standard","meta":{"footnotes":""},"categories":[3],"tags":[],"class_list":["post-5511","post","type-post","status-publish","format-standard","has-post-thumbnail","hentry","category-al-dia"],"_links":{"self":[{"href":"https:\/\/www.semanariolocal.cl\/index.php?rest_route=\/wp\/v2\/posts\/5511","targetHints":{"allow":["GET"]}}],"collection":[{"href":"https:\/\/www.semanariolocal.cl\/index.php?rest_route=\/wp\/v2\/posts"}],"about":[{"href":"https:\/\/www.semanariolocal.cl\/index.php?rest_route=\/wp\/v2\/types\/post"}],"author":[{"embeddable":true,"href":"https:\/\/www.semanariolocal.cl\/index.php?rest_route=\/wp\/v2\/users\/1"}],"replies":[{"embeddable":true,"href":"https:\/\/www.semanariolocal.cl\/index.php?rest_route=%2Fwp%2Fv2%2Fcomments&post=5511"}],"version-history":[{"count":1,"href":"https:\/\/www.semanariolocal.cl\/index.php?rest_route=\/wp\/v2\/posts\/5511\/revisions"}],"predecessor-version":[{"id":5513,"href":"https:\/\/www.semanariolocal.cl\/index.php?rest_route=\/wp\/v2\/posts\/5511\/revisions\/5513"}],"wp:featuredmedia":[{"embeddable":true,"href":"https:\/\/www.semanariolocal.cl\/index.php?rest_route=\/wp\/v2\/media\/5512"}],"wp:attachment":[{"href":"https:\/\/www.semanariolocal.cl\/index.php?rest_route=%2Fwp%2Fv2%2Fmedia&parent=5511"}],"wp:term":[{"taxonomy":"category","embeddable":true,"href":"https:\/\/www.semanariolocal.cl\/index.php?rest_route=%2Fwp%2Fv2%2Fcategories&post=5511"},{"taxonomy":"post_tag","embeddable":true,"href":"https:\/\/www.semanariolocal.cl\/index.php?rest_route=%2Fwp%2Fv2%2Ftags&post=5511"}],"curies":[{"name":"wp","href":"https:\/\/api.w.org\/{rel}","templated":true}]}}