{"id":5475,"date":"2022-04-20T08:48:00","date_gmt":"2022-04-20T12:48:00","guid":{"rendered":"https:\/\/www.semanariolocal.cl\/?p=5475"},"modified":"2022-04-20T22:51:21","modified_gmt":"2022-04-21T02:51:21","slug":"gobierno-regional-entrego-nuevos-carros-multiproposito-a-bomberos-de-palena","status":"publish","type":"post","link":"https:\/\/www.semanariolocal.cl\/?p=5475","title":{"rendered":"Gobierno Regional entreg\u00f3 nuevos carros multiprop\u00f3sito a Bomberos de Palena"},"content":{"rendered":"\n<p>Durante este martes y en una ceremonia realizada en la comuna de Palena el gobernador regional, Patricio Vallespin, junto a Consejeros Regionales, Alberto V\u00e1squez Presidente Regional de Bomberos, la Asociaci\u00f3n de Municipalidades de Palena e invitados especiales, se hizo la entrega de un moderno carro multiprop\u00f3sito para los bomberos de la comuna de Palena y otro carro para bomberos de Villa Santa Luc\u00eda, comuna de Chait\u00e9n.<\/p>\n\n\n\n<p>Este proyecto, financiado por el Gobierno Regional y aprobado por el Consejo Regional, incluye la adquisici\u00f3n de dos modernos carro de bombas, el cual, viene a cubrir todas las emergencias de rescate para estas comunas. Patricio Vallespin indic\u00f3 que \u201csiempre el consejo regional ha destinado recursos para bomberos de la regi\u00f3n, porque sabemos su importancia. Ellos no s\u00f3lo apagan incendios, sino que est\u00e1n en todas las emergencias y cat\u00e1strofes, en esta oportunidad en la provincia de Palena se han entregado dos carros de la m\u00e1xima calidad y estamos contentos de poder estar aqu\u00ed presentes entreg\u00e1ndolos\u201d.<\/p>\n\n\n\n<p>El monto de la inversi\u00f3n es de $186 millones por cada carro bomba. Se trata de modernos veh\u00edculos multiprop\u00f3sitos con equipamiento completo para operaciones y b\u00fasquedas en sectores&nbsp;urbanos o rurales, con sistemas de torre de elevaci\u00f3n con iluminaci\u00f3n, equipos para ataque&nbsp;de incendios y gabinetes, mangueras, generador de electricidad, entre otras caracter\u00edsticas. La glosa de bomberos para este 2022 que entregar\u00e1 el Gobierno Regional supera los $2.000 millones, monto que se distribuye en entregar equipamiento y mejoras para el trabajo que realizan los voluntarios en las 30 comunas de la regi\u00f3n de Los Lagos.<\/p>\n\n\n\n<p>Durante la ceremonia, el voluntario de Villa Santa Lucia, Am\u00e9rico Hern\u00e1ndez, entreg\u00f3 unas palabras y agradeci\u00f3 la llegada de estos veh\u00edculos, ya que para el aluvi\u00f3n de Villa Santa Luc\u00eda ellos perdieron todos sus implementos y veh\u00edculos. Cont\u00f3 que fue gracias a la solidaridad de voluntarios bomberos de las comunas vecinas que lograron rearmarse con el pr\u00e9stamo de una camioneta y equipos, m\u00e1s los aportes de la misma comunidad, y ahora con este carro se les facilita su trabajo.<\/p>\n","protected":false},"excerpt":{"rendered":"<p>Durante este martes y en una ceremonia realizada en la comuna de Palena el gobernador regional, Patricio Vallespin, junto a Consejeros Regionales, Alberto V\u00e1squez Presidente Regional de Bomberos, la Asociaci\u00f3n de Municipalidades de Palena e invitados especiales, se hizo la entrega de un moderno carro multiprop\u00f3sito para los bomberos de la comuna de Palena y&#8230;<a class=\"btnReadMore\" href=\"https:\/\/www.semanariolocal.cl\/?p=5475\"> Leer M\u00e1s<\/a><\/p>\n","protected":false},"author":1,"featured_media":5476,"comment_status":"closed","ping_status":"closed","sticky":false,"template":"","format":"standard","meta":{"footnotes":""},"categories":[9],"tags":[],"class_list":["post-5475","post","type-post","status-publish","format-standard","has-post-thumbnail","hentry","category-gobierno"],"_links":{"self":[{"href":"https:\/\/www.semanariolocal.cl\/index.php?rest_route=\/wp\/v2\/posts\/5475","targetHints":{"allow":["GET"]}}],"collection":[{"href":"https:\/\/www.semanariolocal.cl\/index.php?rest_route=\/wp\/v2\/posts"}],"about":[{"href":"https:\/\/www.semanariolocal.cl\/index.php?rest_route=\/wp\/v2\/types\/post"}],"author":[{"embeddable":true,"href":"https:\/\/www.semanariolocal.cl\/index.php?rest_route=\/wp\/v2\/users\/1"}],"replies":[{"embeddable":true,"href":"https:\/\/www.semanariolocal.cl\/index.php?rest_route=%2Fwp%2Fv2%2Fcomments&post=5475"}],"version-history":[{"count":1,"href":"https:\/\/www.semanariolocal.cl\/index.php?rest_route=\/wp\/v2\/posts\/5475\/revisions"}],"predecessor-version":[{"id":5477,"href":"https:\/\/www.semanariolocal.cl\/index.php?rest_route=\/wp\/v2\/posts\/5475\/revisions\/5477"}],"wp:featuredmedia":[{"embeddable":true,"href":"https:\/\/www.semanariolocal.cl\/index.php?rest_route=\/wp\/v2\/media\/5476"}],"wp:attachment":[{"href":"https:\/\/www.semanariolocal.cl\/index.php?rest_route=%2Fwp%2Fv2%2Fmedia&parent=5475"}],"wp:term":[{"taxonomy":"category","embeddable":true,"href":"https:\/\/www.semanariolocal.cl\/index.php?rest_route=%2Fwp%2Fv2%2Fcategories&post=5475"},{"taxonomy":"post_tag","embeddable":true,"href":"https:\/\/www.semanariolocal.cl\/index.php?rest_route=%2Fwp%2Fv2%2Ftags&post=5475"}],"curies":[{"name":"wp","href":"https:\/\/api.w.org\/{rel}","templated":true}]}}