{"id":5456,"date":"2022-04-19T09:18:00","date_gmt":"2022-04-19T13:18:00","guid":{"rendered":"https:\/\/www.semanariolocal.cl\/?p=5456"},"modified":"2022-04-20T12:20:47","modified_gmt":"2022-04-20T16:20:47","slug":"cine-club-ulagos-e-instituto-comercial-osorno-se-unen-en-ciclo-de-cine-cientifico","status":"publish","type":"post","link":"https:\/\/www.semanariolocal.cl\/?p=5456","title":{"rendered":"Cine Club ULagos e Instituto Comercial Osorno se unen en ciclo de cine cient\u00edfico"},"content":{"rendered":"\n<p>La iniciativa tiene por objeto ofrecer un espacio de recreaci\u00f3n y acercamiento a las disciplinas cient\u00edficas a trav\u00e9s del cine, en un horario de libre disposici\u00f3n de los alumnos. \u201cSabemos que el cine al igual que los libros forman parte de la entretenci\u00f3n pero tambi\u00e9n de la formaci\u00f3n, acerc\u00e1ndonos por ejemplo a la ciencia de una forma entretenida, con una trama que te permite sensibilizar y acercar la ciencia. Ese es el objetivo de esta actividad, aportar al desarrollo socioemocional, el an\u00e1lisis y el pensamiento cr\u00edtico de los estudiantes\u201d, coment\u00f3 Pamela \u00c1lvarez, directora del departamento de Ciencias del establecimiento.<\/p>\n\n\n\n<p>La jornada inaugural del ciclo que tendr\u00e1 una periodicidad mensual, comenz\u00f3 con la participaci\u00f3n del representante del Cine Club ULagos, Diego Gerter, quien realiz\u00f3 la presentaci\u00f3n de la pel\u00edcula \u201cContagio\u201d (Steven Soderbergh, 2011). \u201cHoy tuvimos una muy grata jornada con los estudiantes, me sorprendi\u00f3 ver el entusiasmo con el que se tomaron la pel\u00edcula, al tratarse de un tema tan sensible como una pandemia, que es abordada con total crudeza y con mucho t\u00e9rmino cient\u00edfico. Como Cine Club siempre estamos dispuestos a colaborar con los establecimientos y fue un placer que nos haya invitado el Taller de Ciencias a generar esta iniciativa conjunta\u201d, manifest\u00f3 Gerter.<\/p>\n\n\n\n<p>Por su parte los estudiantes, que superaron la treintena se fueron satisfechos de la experiencia. \u201cMe llam\u00f3 la atenci\u00f3n saber m\u00e1s de ciencia, espec\u00edficamente por qu\u00e9 se crean las variantes, los virus. Es entretenido aprender viendo pel\u00edculas. Me sent\u00ed muy representada por lo que vimos, fue como un viaje en el tiempo al mostrarnos todo lo que ocurri\u00f3 10 a\u00f1os despu\u00e9s\u201d, coment\u00f3 Jade Silva, estudiante de segundo a\u00f1o medio.<\/p>\n\n\n\n<p>\u201cMe pareci\u00f3 una iniciativa constructiva ya que no se pasa mucha ciencia en los liceos y es \u00fatil que se hayan unido la Universidad de Los Lagos y el Instituto Comercial para enfocarse m\u00e1s en ella. La pel\u00edcula es muy impactante, pese a que sabemos que es ficci\u00f3n, porque fue casi exactamente lo que vivimos d\u00eda a d\u00eda durante el transcurso de la pandemia\u201d, sostuvo Basti\u00e1n Az\u00f3car, tambi\u00e9n estudiante de segundo a\u00f1o medio.<\/p>\n","protected":false},"excerpt":{"rendered":"<p>El mi\u00e9rcoles 13 de abril se dio inicio al ciclo de cine cient\u00edfico para estudiantes del Instituto Comercial Osorno, fruto de una alianza entre el Cine Club de la Universidad de Los Lagos y el Taller de Ciencias del establecimiento ubicado en Av. Los Carrera.<\/p>\n","protected":false},"author":1,"featured_media":5457,"comment_status":"closed","ping_status":"closed","sticky":false,"template":"","format":"standard","meta":{"footnotes":""},"categories":[11],"tags":[],"class_list":["post-5456","post","type-post","status-publish","format-standard","has-post-thumbnail","hentry","category-educacion"],"_links":{"self":[{"href":"https:\/\/www.semanariolocal.cl\/index.php?rest_route=\/wp\/v2\/posts\/5456","targetHints":{"allow":["GET"]}}],"collection":[{"href":"https:\/\/www.semanariolocal.cl\/index.php?rest_route=\/wp\/v2\/posts"}],"about":[{"href":"https:\/\/www.semanariolocal.cl\/index.php?rest_route=\/wp\/v2\/types\/post"}],"author":[{"embeddable":true,"href":"https:\/\/www.semanariolocal.cl\/index.php?rest_route=\/wp\/v2\/users\/1"}],"replies":[{"embeddable":true,"href":"https:\/\/www.semanariolocal.cl\/index.php?rest_route=%2Fwp%2Fv2%2Fcomments&post=5456"}],"version-history":[{"count":1,"href":"https:\/\/www.semanariolocal.cl\/index.php?rest_route=\/wp\/v2\/posts\/5456\/revisions"}],"predecessor-version":[{"id":5458,"href":"https:\/\/www.semanariolocal.cl\/index.php?rest_route=\/wp\/v2\/posts\/5456\/revisions\/5458"}],"wp:featuredmedia":[{"embeddable":true,"href":"https:\/\/www.semanariolocal.cl\/index.php?rest_route=\/wp\/v2\/media\/5457"}],"wp:attachment":[{"href":"https:\/\/www.semanariolocal.cl\/index.php?rest_route=%2Fwp%2Fv2%2Fmedia&parent=5456"}],"wp:term":[{"taxonomy":"category","embeddable":true,"href":"https:\/\/www.semanariolocal.cl\/index.php?rest_route=%2Fwp%2Fv2%2Fcategories&post=5456"},{"taxonomy":"post_tag","embeddable":true,"href":"https:\/\/www.semanariolocal.cl\/index.php?rest_route=%2Fwp%2Fv2%2Ftags&post=5456"}],"curies":[{"name":"wp","href":"https:\/\/api.w.org\/{rel}","templated":true}]}}