{"id":5411,"date":"2022-04-19T09:46:00","date_gmt":"2022-04-19T13:46:00","guid":{"rendered":"https:\/\/www.semanariolocal.cl\/?p=5411"},"modified":"2022-04-19T23:59:47","modified_gmt":"2022-04-20T03:59:47","slug":"concejal-anazco-denuncia-lentitud-en-avance-de-proyectos-de-apr-en-puerto-octay","status":"publish","type":"post","link":"https:\/\/www.semanariolocal.cl\/?p=5411","title":{"rendered":"Concejal A\u00f1azco denuncia lentitud en avance de proyectos de APR en Puerto Octay"},"content":{"rendered":"\n<p>Luego de conversar con los vecinos del sector rural de Piedras Negras, el concejal de la comuna de Puerto Octay, Juan Luis A\u00f1azco, calific\u00f3 de desesperanzador el proyecto de APR para las m\u00e1s de 100 familias, de esta localidad, quienes perdieron toda ilusi\u00f3n de contar con un buen sistema de Agua Potable Rural.<\/p>\n\n\n\n<p>Seg\u00fan A\u00f1azco, \u201cnadie puede discutir que el agua es un elemento clave para el desarrollo de las comunidades rurales, principalmente, porque muchos de los vecinos se dedican a la peque\u00f1a agricultura familiar campesina, a la chacarer\u00eda, o a otros rubros y esta situaci\u00f3n no les permite tener una mejor calidad de vida\u201d.&nbsp;<\/p>\n\n\n\n<p>Sobre la materia, el dirigente vecinal, Aliro Villarroel, destac\u00f3 que, \u201ceste proyecto podr\u00eda costar unos 600 millones de pesos, pero a\u00fan est\u00e1 en pa\u00f1ales. Actualmente, los habitantes de este sector se abastecen con sistemas de agua propios y precarios, por lo que requieren de una urgente soluci\u00f3n\u201d.<\/p>\n\n\n\n<p>Juan Luis A\u00f1azco, indic\u00f3 finalmente que Puerto Octay es un 70 por ciento rural, donde las necesidades son m\u00faltiples, y el agua, es fundamental, por lo que desde el municipio debe haber mayor celeridad en la elaboraci\u00f3n de proyectos de este tipo para apoyar a los vecinos.<\/p>\n","protected":false},"excerpt":{"rendered":"<p>Luego de conversar con los vecinos del sector rural de Piedras Negras, el concejal de la comuna de Puerto Octay, Juan Luis A\u00f1azco, calific\u00f3 de desesperanzador el proyecto de APR para las m\u00e1s de 100 familias, de esta localidad, quienes perdieron toda ilusi\u00f3n de contar con un buen sistema de Agua Potable Rural. Seg\u00fan A\u00f1azco,&#8230;<a class=\"btnReadMore\" href=\"https:\/\/www.semanariolocal.cl\/?p=5411\"> Leer M\u00e1s<\/a><\/p>\n","protected":false},"author":1,"featured_media":5439,"comment_status":"closed","ping_status":"closed","sticky":false,"template":"","format":"standard","meta":{"footnotes":""},"categories":[8],"tags":[],"class_list":["post-5411","post","type-post","status-publish","format-standard","has-post-thumbnail","hentry","category-comunas"],"_links":{"self":[{"href":"https:\/\/www.semanariolocal.cl\/index.php?rest_route=\/wp\/v2\/posts\/5411","targetHints":{"allow":["GET"]}}],"collection":[{"href":"https:\/\/www.semanariolocal.cl\/index.php?rest_route=\/wp\/v2\/posts"}],"about":[{"href":"https:\/\/www.semanariolocal.cl\/index.php?rest_route=\/wp\/v2\/types\/post"}],"author":[{"embeddable":true,"href":"https:\/\/www.semanariolocal.cl\/index.php?rest_route=\/wp\/v2\/users\/1"}],"replies":[{"embeddable":true,"href":"https:\/\/www.semanariolocal.cl\/index.php?rest_route=%2Fwp%2Fv2%2Fcomments&post=5411"}],"version-history":[{"count":1,"href":"https:\/\/www.semanariolocal.cl\/index.php?rest_route=\/wp\/v2\/posts\/5411\/revisions"}],"predecessor-version":[{"id":5438,"href":"https:\/\/www.semanariolocal.cl\/index.php?rest_route=\/wp\/v2\/posts\/5411\/revisions\/5438"}],"wp:featuredmedia":[{"embeddable":true,"href":"https:\/\/www.semanariolocal.cl\/index.php?rest_route=\/wp\/v2\/media\/5439"}],"wp:attachment":[{"href":"https:\/\/www.semanariolocal.cl\/index.php?rest_route=%2Fwp%2Fv2%2Fmedia&parent=5411"}],"wp:term":[{"taxonomy":"category","embeddable":true,"href":"https:\/\/www.semanariolocal.cl\/index.php?rest_route=%2Fwp%2Fv2%2Fcategories&post=5411"},{"taxonomy":"post_tag","embeddable":true,"href":"https:\/\/www.semanariolocal.cl\/index.php?rest_route=%2Fwp%2Fv2%2Ftags&post=5411"}],"curies":[{"name":"wp","href":"https:\/\/api.w.org\/{rel}","templated":true}]}}