{"id":5409,"date":"2022-04-14T01:08:00","date_gmt":"2022-04-14T05:08:00","guid":{"rendered":"https:\/\/www.semanariolocal.cl\/?p=5409"},"modified":"2022-04-15T13:15:02","modified_gmt":"2022-04-15T17:15:02","slug":"diputada-emilia-nuyado-busca-exencion-de-impuestos-para-canastas-basica-de-alimentos","status":"publish","type":"post","link":"https:\/\/www.semanariolocal.cl\/?p=5409","title":{"rendered":"Diputada Emilia Nuyado busca exenci\u00f3n de impuestos para canastas b\u00e1sica de alimentos"},"content":{"rendered":"\n<p>La diputada mapuche Emilia Nuyado con el respaldo de los diputados Marcos Ilabaca (PS)&nbsp; y&nbsp; Luis Cuellos (PC), ingres\u00f3 una reforma constitucional transitoria que establece la eliminaci\u00f3n del IVA para los alimentos consignados en la canasta de Bienes y Servicios durante el a\u00f1o 2022.<\/p>\n\n\n\n<p>Nuyado argument\u00f3 que <strong>\u00abel explosivo aumento de los precios de todos los productos es preocupante. Hoy nos encontramos en una situaci\u00f3n donde mucha gente no llega a fin de mes, no puede comprar y pagar en su almac\u00e9n del barrio, atenderse en salud, pagar movilizaci\u00f3n a sus hijos, comprar&nbsp; frutas y verduras en ferias o mejorar sus mediaguas y viviendas. Ahora m\u00e1s encima se les quiere negar la opci\u00f3n de tener liquidez porque eso significa aumentar a\u00fan m\u00e1s la inflaci\u00f3n\u00bb<\/strong>.<\/p>\n\n\n\n<p><strong>\u00abMe parece injusto que como siempre los m\u00e1s pobres y la clase media terminen pagando los costos. Si el gobierno no quiere dejar que se apruebe el \u00abQuinto retiro\u00bb por temor a la inflaci\u00f3n, debe hacerse cargo. Por ello esta reforma obliga al Presidente de la Rep\u00fablica a decretar la eliminaci\u00f3n del IVA para alimentos de la canasta de Bienes y Servicios cuando la inflaci\u00f3n supere los dos d\u00edgitos\u00bb<\/strong>, dijo la diputada Mapuche.<\/p>\n\n\n\n<p>Sobre este mismo punto, Emilia Nuyado, agreg\u00f3 que <strong>\u00abes injusto que cuando los ricos tienen dinero se habla de crecimiento y cuando los pobres tienen circulante de inmediato se habla de inflaci\u00f3n. Yo creo que si el gobierno va aceptar ese discurso entonces debe hacerse cargo de la situaci\u00f3n insostenible y asumir el costo bajando, frenando o congelando los precios de la canasta alimentaria\u00bb.<\/strong><\/p>\n\n\n\n<p><strong>\u00abNuestra idea es tambi\u00e9n dejar en claro que hay otras f\u00f3rmulas para bajar los precios. Aqu\u00ed no se puede siempre optar por el camino m\u00e1s f\u00e1cil y dejar a la mayor\u00eda de los chilenos sin posibilidad de tener dinero para libre disposici\u00f3n y m\u00e1s encima obligarlos a endeudarse. Claramente el sistema econ\u00f3mico de Chile est\u00e1 viviendo gracias a la miseria de los m\u00e1s pobres y al endeudamiento de la clase media\u00bb<\/strong>, concluy\u00f3 la diputada Emilia Nuyado.<\/p>\n\n\n\n<p>&nbsp;Consignar que la parlamentaria adem\u00e1s envi\u00f3 un oficio dirigido a la Fiscal\u00eda Nacional Econ\u00f3mica para que investigue y despeje cualquier duda sobre una eventual colusi\u00f3n en algunos productos de primera necesidad.<\/p>\n","protected":false},"excerpt":{"rendered":"<p>La parlamentaria mapuche se\u00f1al\u00f3 que \u00absi el Estado no quiere dejar que se hagan retiros del 10% por temor a la inflaci\u00f3n, el gobierno debe hacerse cargo de bajar o frenar las alzas de precios\u00bb.  As\u00ed mismo fue tajante en manifestar que \u00abes injusto que cuando los ricos tienen dinero se habla de crecimiento y cuando los pobres tienen circulante de inmediato se habla de inflaci\u00f3n\u00bb.<\/p>\n","protected":false},"author":1,"featured_media":881,"comment_status":"closed","ping_status":"closed","sticky":false,"template":"","format":"standard","meta":{"footnotes":""},"categories":[3],"tags":[],"class_list":["post-5409","post","type-post","status-publish","format-standard","has-post-thumbnail","hentry","category-al-dia"],"_links":{"self":[{"href":"https:\/\/www.semanariolocal.cl\/index.php?rest_route=\/wp\/v2\/posts\/5409","targetHints":{"allow":["GET"]}}],"collection":[{"href":"https:\/\/www.semanariolocal.cl\/index.php?rest_route=\/wp\/v2\/posts"}],"about":[{"href":"https:\/\/www.semanariolocal.cl\/index.php?rest_route=\/wp\/v2\/types\/post"}],"author":[{"embeddable":true,"href":"https:\/\/www.semanariolocal.cl\/index.php?rest_route=\/wp\/v2\/users\/1"}],"replies":[{"embeddable":true,"href":"https:\/\/www.semanariolocal.cl\/index.php?rest_route=%2Fwp%2Fv2%2Fcomments&post=5409"}],"version-history":[{"count":1,"href":"https:\/\/www.semanariolocal.cl\/index.php?rest_route=\/wp\/v2\/posts\/5409\/revisions"}],"predecessor-version":[{"id":5410,"href":"https:\/\/www.semanariolocal.cl\/index.php?rest_route=\/wp\/v2\/posts\/5409\/revisions\/5410"}],"wp:featuredmedia":[{"embeddable":true,"href":"https:\/\/www.semanariolocal.cl\/index.php?rest_route=\/wp\/v2\/media\/881"}],"wp:attachment":[{"href":"https:\/\/www.semanariolocal.cl\/index.php?rest_route=%2Fwp%2Fv2%2Fmedia&parent=5409"}],"wp:term":[{"taxonomy":"category","embeddable":true,"href":"https:\/\/www.semanariolocal.cl\/index.php?rest_route=%2Fwp%2Fv2%2Fcategories&post=5409"},{"taxonomy":"post_tag","embeddable":true,"href":"https:\/\/www.semanariolocal.cl\/index.php?rest_route=%2Fwp%2Fv2%2Ftags&post=5409"}],"curies":[{"name":"wp","href":"https:\/\/api.w.org\/{rel}","templated":true}]}}