{"id":5398,"date":"2022-04-15T12:50:25","date_gmt":"2022-04-15T16:50:25","guid":{"rendered":"https:\/\/www.semanariolocal.cl\/?p=5398"},"modified":"2022-04-15T12:50:31","modified_gmt":"2022-04-15T16:50:31","slug":"con-equipos-de-especialidades-medicas-fortalecen-red-de-atencion-primaria","status":"publish","type":"post","link":"https:\/\/www.semanariolocal.cl\/?p=5398","title":{"rendered":"Con equipos de especialidades m\u00e9dicas fortalecen red de Atenci\u00f3n Primaria"},"content":{"rendered":"\n<p>La inversi\u00f3n total alcanza a $ 15.842,2 millones, y considera, entre otros, oftalmoscopios, dermatoscopios portables, diapasones, otoscopios y cajas con instrumental para cirug\u00eda menor, est\u00e1n siendo distribuidos en establecimientos donde se capacitaron m\u00e9dicos.<\/p>\n\n\n\n<p>El director (s) del Servicio de Salud Del Reloncav\u00ed, C\u00e9sar Sierpe, destac\u00f3 que \u201cestamos haciendo entrega de equipos que permiten una alta resolutividad a las unidades de APS, con una inversi\u00f3n importante para las \u00e1reas de dermatolog\u00eda, otorrino y oftalmolog\u00eda\u201d. Agrego que \u201ccreemos que este es un avance importante para la descentralizaci\u00f3n de los procesos cl\u00ednicos\u201d.<\/p>\n\n\n\n<p>La directora del Departamento de Salud Municipal (DESAM) de Frutillar, Lissette Arismendi, se\u00f1al\u00f3 que \u201ccomo comuna, el equipo se ha destacado por tener una buena resolutividad en cuanto a cirug\u00eda menor, los m\u00e9dicos tienen la especializaci\u00f3n en el \u00e1rea dermatolog\u00eda. Esto viene a renovar un equipo que por el paso del tiempo tiene una fatiga natural, por lo tanto, va a permitir que las prestaciones que se entreguen a los usuarios sean con equipamiento e insumos de primera l\u00ednea\u201d.<\/p>\n\n\n\n<p>Los establecimientos que recibir\u00e1n los equipos y materiales son los CESFAM Calbuco, Frutillar, Los Muermos, Puerto Varas, Rio Puelo \u2013 Cocham\u00f3, Techo Para Todos, San Pablo Mirasol y Rio Negro Hornopir\u00e9n; Centro Comunitario de Salud Familiar (CECOSF) Ayacara; equipos de Salud Rural de Fresia y Calbuco y el Hospital de Fresia.<\/p>\n","protected":false},"excerpt":{"rendered":"<p>El Servicio de Salud Del Reloncav\u00ed inici\u00f3 la distribuci\u00f3n de equipos y materiales de especialidades de Dermatolog\u00eda, Oftalmolog\u00eda y Otorrinolaringolog\u00eda para establecimientos de la red, contribuyendo de esta forma a mejorar la resolutividad en la Atenci\u00f3n Primaria.<\/p>\n","protected":false},"author":1,"featured_media":5399,"comment_status":"closed","ping_status":"closed","sticky":false,"template":"","format":"standard","meta":{"footnotes":""},"categories":[8],"tags":[],"class_list":["post-5398","post","type-post","status-publish","format-standard","has-post-thumbnail","hentry","category-comunas"],"_links":{"self":[{"href":"https:\/\/www.semanariolocal.cl\/index.php?rest_route=\/wp\/v2\/posts\/5398","targetHints":{"allow":["GET"]}}],"collection":[{"href":"https:\/\/www.semanariolocal.cl\/index.php?rest_route=\/wp\/v2\/posts"}],"about":[{"href":"https:\/\/www.semanariolocal.cl\/index.php?rest_route=\/wp\/v2\/types\/post"}],"author":[{"embeddable":true,"href":"https:\/\/www.semanariolocal.cl\/index.php?rest_route=\/wp\/v2\/users\/1"}],"replies":[{"embeddable":true,"href":"https:\/\/www.semanariolocal.cl\/index.php?rest_route=%2Fwp%2Fv2%2Fcomments&post=5398"}],"version-history":[{"count":1,"href":"https:\/\/www.semanariolocal.cl\/index.php?rest_route=\/wp\/v2\/posts\/5398\/revisions"}],"predecessor-version":[{"id":5400,"href":"https:\/\/www.semanariolocal.cl\/index.php?rest_route=\/wp\/v2\/posts\/5398\/revisions\/5400"}],"wp:featuredmedia":[{"embeddable":true,"href":"https:\/\/www.semanariolocal.cl\/index.php?rest_route=\/wp\/v2\/media\/5399"}],"wp:attachment":[{"href":"https:\/\/www.semanariolocal.cl\/index.php?rest_route=%2Fwp%2Fv2%2Fmedia&parent=5398"}],"wp:term":[{"taxonomy":"category","embeddable":true,"href":"https:\/\/www.semanariolocal.cl\/index.php?rest_route=%2Fwp%2Fv2%2Fcategories&post=5398"},{"taxonomy":"post_tag","embeddable":true,"href":"https:\/\/www.semanariolocal.cl\/index.php?rest_route=%2Fwp%2Fv2%2Ftags&post=5398"}],"curies":[{"name":"wp","href":"https:\/\/api.w.org\/{rel}","templated":true}]}}