{"id":5396,"date":"2022-04-15T12:48:16","date_gmt":"2022-04-15T16:48:16","guid":{"rendered":"https:\/\/www.semanariolocal.cl\/?p=5396"},"modified":"2022-04-15T13:05:22","modified_gmt":"2022-04-15T17:05:22","slug":"core-busca-aprobar-proyecto-de-planta-elevadora-y-aguas-servidas-para-sector-sur-de-chaiten","status":"publish","type":"post","link":"https:\/\/www.semanariolocal.cl\/?p=5396","title":{"rendered":"Core busca aprobar proyecto de planta elevadora y aguas servidas para sector sur de Chait\u00e9n"},"content":{"rendered":"\n<p>El pr\u00f3ximo mi\u00e9rcoles 20 de abril, el Consejo Regional de Los Lagos sesionar\u00e1 en la comuna de Palena, en el marco de retomar la itinerancia y estar presente en cada una de las comunas de la regi\u00f3n de Los Lagos.<\/p>\n\n\n\n<p>En esta oportunidad, se espera que el proyecto de construcci\u00f3n de una planta elevadora e impulsi\u00f3n de aguas servidas para el sector sur de Chait\u00e9n se presente al pleno del Core y se puedan aprobar los recursos.<\/p>\n\n\n\n<p>En ese sentido, el gobernador Patricio Vallespin indic\u00f3 que \u201cse nos ha invitado a sesionar en la comuna de Palena y estaremos por all\u00e1 junto a todos los Consejeros Regionales revisando los proyectos con los alcaldes, concejales y dirigentes. En especial queremos mejorar las condiciones de los habitantes, como los de Chait\u00e9n Sur que requieren una planta elevadora de aguas servidas\u201d.<\/p>\n\n\n\n<p>Actualmente, la poblaci\u00f3n que habita en las viviendas emplazadas en el sector sur de la comuna de Chait\u00e9n presenta condiciones de marginalidad sanitaria, debido a un deficiente servicio de distribuci\u00f3n de agua potable, recolecci\u00f3n y tratamiento de aguas servidas. La construcci\u00f3n de la planta elevadora de aguas servidas e impulsi\u00f3n en el sector sur de Chait\u00e9n, la cual contempla la matriz de red de agua potable dar\u00e1 soluci\u00f3n a la poblaci\u00f3n logrando mejorar la calidad de vida y su entorno natural.<\/p>\n\n\n\n<p>La iniciativa, que se espera sea aprobada durante esta sesi\u00f3n del Consejo Regional, tiene una inversi\u00f3n de $1.373 millones y contempla la construcci\u00f3n de una planta elevadora de aguas servidas e impulsi\u00f3n, la construcci\u00f3n de una matriz de red de agua desde la ruta 7 y considera un plazo de ejecuci\u00f3n de 11 meses.<\/p>\n\n\n\n<p>En la ocasi\u00f3n, tambi\u00e9n se discutir\u00e1n proyectos como la reposici\u00f3n del consultorio rural Bah\u00eda Mansa, San Juan de La Costa; construcci\u00f3n CECOSF urbano Chifin, comuna de R\u00edo Negro; mejoramiento hospital de R\u00edo Negro; mejoramiento camarines y construcci\u00f3n cubierta, grader\u00edas, complejo deportivo Rahue Alto; adquisici\u00f3n equipamiento ciencias y experimentaci\u00f3n, Liceo Las Am\u00e9ricas, Puyehue; construcci\u00f3n Posta de salud rural Pucatrihue, San Juan de La Costa; y el mejoramiento Infraestructura peatonal calle 0\u201dHiggins, comuna de Futaleuf\u00fa.<\/p>\n","protected":false},"excerpt":{"rendered":"<p>El pr\u00f3ximo mi\u00e9rcoles 20 de abril, el Consejo Regional de Los Lagos sesionar\u00e1 en la comuna de Palena, en el marco de retomar la itinerancia y estar presente en cada una de las comunas de la regi\u00f3n de Los Lagos. En esta oportunidad, se espera que el proyecto de construcci\u00f3n de una planta elevadora e&#8230;<a class=\"btnReadMore\" href=\"https:\/\/www.semanariolocal.cl\/?p=5396\"> Leer M\u00e1s<\/a><\/p>\n","protected":false},"author":1,"featured_media":5405,"comment_status":"closed","ping_status":"closed","sticky":false,"template":"","format":"standard","meta":{"footnotes":""},"categories":[3],"tags":[],"class_list":["post-5396","post","type-post","status-publish","format-standard","has-post-thumbnail","hentry","category-al-dia"],"_links":{"self":[{"href":"https:\/\/www.semanariolocal.cl\/index.php?rest_route=\/wp\/v2\/posts\/5396","targetHints":{"allow":["GET"]}}],"collection":[{"href":"https:\/\/www.semanariolocal.cl\/index.php?rest_route=\/wp\/v2\/posts"}],"about":[{"href":"https:\/\/www.semanariolocal.cl\/index.php?rest_route=\/wp\/v2\/types\/post"}],"author":[{"embeddable":true,"href":"https:\/\/www.semanariolocal.cl\/index.php?rest_route=\/wp\/v2\/users\/1"}],"replies":[{"embeddable":true,"href":"https:\/\/www.semanariolocal.cl\/index.php?rest_route=%2Fwp%2Fv2%2Fcomments&post=5396"}],"version-history":[{"count":1,"href":"https:\/\/www.semanariolocal.cl\/index.php?rest_route=\/wp\/v2\/posts\/5396\/revisions"}],"predecessor-version":[{"id":5397,"href":"https:\/\/www.semanariolocal.cl\/index.php?rest_route=\/wp\/v2\/posts\/5396\/revisions\/5397"}],"wp:featuredmedia":[{"embeddable":true,"href":"https:\/\/www.semanariolocal.cl\/index.php?rest_route=\/wp\/v2\/media\/5405"}],"wp:attachment":[{"href":"https:\/\/www.semanariolocal.cl\/index.php?rest_route=%2Fwp%2Fv2%2Fmedia&parent=5396"}],"wp:term":[{"taxonomy":"category","embeddable":true,"href":"https:\/\/www.semanariolocal.cl\/index.php?rest_route=%2Fwp%2Fv2%2Fcategories&post=5396"},{"taxonomy":"post_tag","embeddable":true,"href":"https:\/\/www.semanariolocal.cl\/index.php?rest_route=%2Fwp%2Fv2%2Ftags&post=5396"}],"curies":[{"name":"wp","href":"https:\/\/api.w.org\/{rel}","templated":true}]}}