{"id":5393,"date":"2022-04-15T12:10:02","date_gmt":"2022-04-15T16:10:02","guid":{"rendered":"https:\/\/www.semanariolocal.cl\/?p=5393"},"modified":"2022-04-15T12:10:02","modified_gmt":"2022-04-15T16:10:02","slug":"hasta-el-12-de-mayo-en-centro-cultural-de-osorno-se-exhibira-muestra-de-vestuario-de-ballet","status":"publish","type":"post","link":"https:\/\/www.semanariolocal.cl\/?p=5393","title":{"rendered":"Hasta el 12 de mayo en centro cultural de Osorno se exhibir\u00e1 muestra de \u00a0vestuario de ballet"},"content":{"rendered":"\n<p>La exhibici\u00f3n del vestuario re\u00fane piezas de producciones hist\u00f3ricas de obras de ballet como La Cenicienta, Cascanueces y La Bella Durmiente, entre otras, y llega a nuestra ciudad como parte del convenio de colaboraci\u00f3n mutua suscrito entre la Corporaci\u00f3n Cultural de Osorno y el Teatro Municipal de Santiago.<\/p>\n\n\n\n<p>Esta alianza fue renovada esta semana por el alcalde y presidente de la Corporaci\u00f3n Cultural de sorno, Emeterio Carrillo, y la directora general del teatro capitalino, Carmen Gloria Larenas, ambos felices de ofrecer cultura gratuita a las familias de Osorno y alrededores.<\/p>\n\n\n\n<p>El edil manifest\u00f3 que, \u201cesta alianza es sumamente importante para la comuna, ya que sin duda es una apuesta cultural novedosa, primordialmente para los m\u00e1s peque\u00f1os, que pueden apreciar obras de arte que muchas veces s\u00f3lo se exhiben en la Regi\u00f3n Metropolitana\u201d.&nbsp;<\/p>\n\n\n\n<p>En tanto, la directora general del Teatro Municipal de Santiago, Carmen Gloria Larenas, indic\u00f3 que \u201cuna de las misiones del teatro es precisamente compartir con la mayor cantidad de p\u00fablicos posibles su Arte. Me da mucho gusto escuchar al alcalde y saber que la cultura es uno de los pilares de su gesti\u00f3n. Nosotros, a trav\u00e9s de este convenio, esperamos muy sinceramente poder contribuir de la mejor manera posible ampliar los p\u00fablicos para las distintas expresiones de las artes vivas y de conocimiento\u201d.&nbsp;<\/p>\n\n\n\n<p>Por su parte, la directora de la Corporaci\u00f3n Cultural de Osorno, Rosana Fa\u00fandez, junto con destacar la extensi\u00f3n de este convenio, indic\u00f3 que el objetivo es generar m\u00e1s oportunidades de apreciaci\u00f3n art\u00edstica a la comunidad.&nbsp;<\/p>\n\n\n\n<p>El ingreso a la Corporaci\u00f3n Cultural de Osorno es totalmente liberado.&nbsp;<strong><\/strong><\/p>\n","protected":false},"excerpt":{"rendered":"<p>La muestra est\u00e1 abierta al p\u00fablico hasta el 12 de mayo, en la Sala Ventanal de la Corporaci\u00f3n Cultural de Osorno, en Manuel Antonio Matta #556.<\/p>\n","protected":false},"author":1,"featured_media":5394,"comment_status":"closed","ping_status":"closed","sticky":false,"template":"","format":"standard","meta":{"footnotes":""},"categories":[3],"tags":[],"class_list":["post-5393","post","type-post","status-publish","format-standard","has-post-thumbnail","hentry","category-al-dia"],"_links":{"self":[{"href":"https:\/\/www.semanariolocal.cl\/index.php?rest_route=\/wp\/v2\/posts\/5393","targetHints":{"allow":["GET"]}}],"collection":[{"href":"https:\/\/www.semanariolocal.cl\/index.php?rest_route=\/wp\/v2\/posts"}],"about":[{"href":"https:\/\/www.semanariolocal.cl\/index.php?rest_route=\/wp\/v2\/types\/post"}],"author":[{"embeddable":true,"href":"https:\/\/www.semanariolocal.cl\/index.php?rest_route=\/wp\/v2\/users\/1"}],"replies":[{"embeddable":true,"href":"https:\/\/www.semanariolocal.cl\/index.php?rest_route=%2Fwp%2Fv2%2Fcomments&post=5393"}],"version-history":[{"count":1,"href":"https:\/\/www.semanariolocal.cl\/index.php?rest_route=\/wp\/v2\/posts\/5393\/revisions"}],"predecessor-version":[{"id":5395,"href":"https:\/\/www.semanariolocal.cl\/index.php?rest_route=\/wp\/v2\/posts\/5393\/revisions\/5395"}],"wp:featuredmedia":[{"embeddable":true,"href":"https:\/\/www.semanariolocal.cl\/index.php?rest_route=\/wp\/v2\/media\/5394"}],"wp:attachment":[{"href":"https:\/\/www.semanariolocal.cl\/index.php?rest_route=%2Fwp%2Fv2%2Fmedia&parent=5393"}],"wp:term":[{"taxonomy":"category","embeddable":true,"href":"https:\/\/www.semanariolocal.cl\/index.php?rest_route=%2Fwp%2Fv2%2Fcategories&post=5393"},{"taxonomy":"post_tag","embeddable":true,"href":"https:\/\/www.semanariolocal.cl\/index.php?rest_route=%2Fwp%2Fv2%2Ftags&post=5393"}],"curies":[{"name":"wp","href":"https:\/\/api.w.org\/{rel}","templated":true}]}}