{"id":5385,"date":"2022-04-15T11:49:31","date_gmt":"2022-04-15T15:49:31","guid":{"rendered":"https:\/\/www.semanariolocal.cl\/?p=5385"},"modified":"2022-04-15T11:49:32","modified_gmt":"2022-04-15T15:49:32","slug":"ppd-solicita-al-gobierno-un-plan-integral-de-transporte-para-enfrentar-colapso-vial","status":"publish","type":"post","link":"https:\/\/www.semanariolocal.cl\/?p=5385","title":{"rendered":"PPD solicita al Gobierno un plan integral de transporte para enfrentar colapso vial"},"content":{"rendered":"\n<p>La Bancada de Diputadas y Diputados del PPD present\u00f3 un Proyecto de Acuerdo por el cual se solicita al Presidente de la Rep\u00fablica, que a trav\u00e9s del trabajo mancomunado entre el Ministerio de Transportes y Telecomunicaciones y el Ministerio de Obras P\u00fablicas se disponga el dise\u00f1o e implementaci\u00f3n de un Plan integral de Transporte, que haga frente a la contingencia dada durante los fines de semana largo en las rutas de mayor circulaci\u00f3n de veh\u00edculos en el pa\u00eds.<br>Entre estas medidas se encuentra, en primer lugar, el establecimiento de restricciones horarias de circulaci\u00f3n para veh\u00edculos de carga de dos o m\u00e1s ejes, disponiendo la restricci\u00f3n de circulaci\u00f3n de este tipo de veh\u00edculos por las rutas y v\u00edas de mayor tr\u00e1fico durante las horas de mayor demanda.<br>Asimismo, se propone disponer de una tarifa de peaje rebajado para veh\u00edculos de carga en horarios de menor circulaci\u00f3n de veh\u00edculos, con el fin de incentivar el uso de las rutas y v\u00edas en un horario diferenciado.<br>Por otro lado, se solicita impulsar a la brevedad una pol\u00edtica de desarrollo ferroviario, tanto para trenes de carga como de pasajeros, a lo largo del pa\u00eds, a fin de satisfacer la alta demanda de transporte, descongestionar las rutas y v\u00edas y dotar de una mayor seguridad y eficiencia en los tiempos de desplazamiento.<br>\u201cNos preocupa lo ocurrido con el taco de m\u00e1s de 12 horas en la Ruta 5 Sur producto de una colisi\u00f3n entre 6 autos y un cami\u00f3n, y que oblig\u00f3 a la concesionaria a levantar las barreras del peaje. Este es el primer fin de semana largo del a\u00f1o, y refleja la fragilidad y las falencias viales que tiene nuestro pa\u00eds cuando muchas familias optan por salir a disfrutar de unas mini vacaciones a una regi\u00f3n distinta a la que habitan, y lo que deber\u00eda ser un momento de relajo se convierte en pesadilla. Ac\u00e1 debe haber una respuesta m\u00e1s oportuna de las autoridades y tambi\u00e9n de las concesionarias, que permitan prever y afrontar con prontitud y eficacia este tipo de situaciones\u201d, afirm\u00f3 la Jefa de Bancada, Carolina Marz\u00e1n.<br>Por su parte, el diputado y miembro de la Comisi\u00f3n de Transportes y OO.PP, Ren\u00e9 Alinco, sostuvo que \u201csi bien es cierto que los fines de semana el problema es mayor, en el d\u00eda a d\u00eda esta situaci\u00f3n de caos se repite en las ciudades, debido a que el parque automotriz ha tenido un explosivo crecimiento en Chile durante los \u00faltimos a\u00f1os, y se ha reflejado en este \u00faltimo mes con las medidas de desconfinamiento. Todo lo anterior hace necesario que el gobierno tome cartas en el asunto y presente un plan integral a la brevedad\u201d.<br>Por su parte, el diputado independiente, Carlos Bianchi, record\u00f3 que \u201cel programa de gobierno del Presidente Boric, en materia de Obras P\u00fablicas, contempla la elaboraci\u00f3n de un plan para mejorar la conexi\u00f3n vial en nuestro pa\u00eds, promoviendo la elaboraci\u00f3n de planes de conectividad nacional, potenciando el ferrocarril de carga, centros de integraci\u00f3n intermodal, mejoramiento de accesos a los puertos y pasos internacionales. Por lo tanto, estamos a la espera de que esa propuesta se concrete en medidas lo antes posible\u201d.<\/p>\n","protected":false},"excerpt":{"rendered":"<p>A trav\u00e9s de un Proyecto de Acuerdo, diputadas y diputados solicitaron propusieron medidas que contemplen restricciones horarias, tarifa de peajes rebajados y una pol\u00edtica de desarrollo ferroviario.<\/p>\n","protected":false},"author":1,"featured_media":5386,"comment_status":"closed","ping_status":"closed","sticky":false,"template":"","format":"standard","meta":{"footnotes":""},"categories":[3],"tags":[],"class_list":["post-5385","post","type-post","status-publish","format-standard","has-post-thumbnail","hentry","category-al-dia"],"_links":{"self":[{"href":"https:\/\/www.semanariolocal.cl\/index.php?rest_route=\/wp\/v2\/posts\/5385","targetHints":{"allow":["GET"]}}],"collection":[{"href":"https:\/\/www.semanariolocal.cl\/index.php?rest_route=\/wp\/v2\/posts"}],"about":[{"href":"https:\/\/www.semanariolocal.cl\/index.php?rest_route=\/wp\/v2\/types\/post"}],"author":[{"embeddable":true,"href":"https:\/\/www.semanariolocal.cl\/index.php?rest_route=\/wp\/v2\/users\/1"}],"replies":[{"embeddable":true,"href":"https:\/\/www.semanariolocal.cl\/index.php?rest_route=%2Fwp%2Fv2%2Fcomments&post=5385"}],"version-history":[{"count":1,"href":"https:\/\/www.semanariolocal.cl\/index.php?rest_route=\/wp\/v2\/posts\/5385\/revisions"}],"predecessor-version":[{"id":5387,"href":"https:\/\/www.semanariolocal.cl\/index.php?rest_route=\/wp\/v2\/posts\/5385\/revisions\/5387"}],"wp:featuredmedia":[{"embeddable":true,"href":"https:\/\/www.semanariolocal.cl\/index.php?rest_route=\/wp\/v2\/media\/5386"}],"wp:attachment":[{"href":"https:\/\/www.semanariolocal.cl\/index.php?rest_route=%2Fwp%2Fv2%2Fmedia&parent=5385"}],"wp:term":[{"taxonomy":"category","embeddable":true,"href":"https:\/\/www.semanariolocal.cl\/index.php?rest_route=%2Fwp%2Fv2%2Fcategories&post=5385"},{"taxonomy":"post_tag","embeddable":true,"href":"https:\/\/www.semanariolocal.cl\/index.php?rest_route=%2Fwp%2Fv2%2Ftags&post=5385"}],"curies":[{"name":"wp","href":"https:\/\/api.w.org\/{rel}","templated":true}]}}