{"id":5382,"date":"2022-04-15T11:45:31","date_gmt":"2022-04-15T15:45:31","guid":{"rendered":"https:\/\/www.semanariolocal.cl\/?p=5382"},"modified":"2022-04-15T11:45:31","modified_gmt":"2022-04-15T15:45:31","slug":"senador-francisco-chahuan-bolivia-usa-a-chile-como-instrumento-de-politica-interna","status":"publish","type":"post","link":"https:\/\/www.semanariolocal.cl\/?p=5382","title":{"rendered":"Senador Francisco Chahu\u00e1n: \u00abBolivia\u00a0usa a Chile como instrumento de pol\u00edtica interna\u00bb"},"content":{"rendered":"\n<p>El presidente de Renovaci\u00f3n Nacional y miembro de la Comisi\u00f3n de Relaciones Exteriores del Senado, Francisco Chahu\u00e1n, felicit\u00f3 al equipo chileno en el marco de la \u00faltima sesi\u00f3n de alegatos orales en la Corte Internacional de Justicia de La Haya por el caso del r\u00edo Silala. Asimismo hizo un llamado a Bolivia a reanudar la relaci\u00f3n diplom\u00e1tica con Chile.<\/p>\n\n\n\n<p>El senador Francisco Chahu\u00e1n afirm\u00f3 que&nbsp;<strong>\u00abfelicitamos al equipo de Chile en la Corte Internacional de Justicia de La Haya por haber defendido de manera brillante los intereses superiores de nuestro pa\u00eds. Ha quedado medianamente claro, y tal como lo sosten\u00eda incluso Bolivia por m\u00e1s de 100 a\u00f1os, que el r\u00edo Silala es un caudal internacional. No me cabe la menor duda que ac\u00e1 ha quedado claro que Bolivia insiste en hacer pol\u00edtica interior y pol\u00edtica exterior en base a su relaci\u00f3n con Chile\u00bb<\/strong>.<\/p>\n\n\n\n<p>En esa l\u00ednea, el presidente de RN agreg\u00f3 que&nbsp;<strong>\u00abla invitaci\u00f3n que hacemos a Bolivia es a reanudar plenamente las relaciones diplom\u00e1ticas con nuestro pa\u00eds, pero sin quedar supeditada ni a una salida soberana al mar, puesto que ya est\u00e1 resuelta por la Corte Internacional de Justicia de La Haya, ni tampoco generando casos artificialmente como el del r\u00edo Silala, donde es claro y categ\u00f3rico, incluso por los instrumentos cartogr\u00e1ficos bolivianos y el Tratado de Paz y Amistad de 1904 que es un caudal internacional\u00bb<\/strong>.<\/p>\n\n\n\n<p>Para finalizar, el senador Chahu\u00e1n recalc\u00f3 el llamado a Bolivia&nbsp;<strong>\u00aba no seguir usando la relaci\u00f3n con Chile como un instrumento de pol\u00edtica interna\u00bb<\/strong>. Tras la finalizaci\u00f3n de los alegatos por la demanda interpuesta por Chile en 2016, la Corte Internacional de Justicia tomar\u00e1 su decisi\u00f3n, que puede tomar meses o hasta a\u00f1os en saberse, pero que es vinculante y no admite apelaci\u00f3n.<\/p>\n","protected":false},"excerpt":{"rendered":"<p>El presidente de Renovaci\u00f3n Nacional y miembro de la Comisi\u00f3n de Relaciones Exteriores del Senado, Francisco Chahu\u00e1n, felicit\u00f3 al equipo chileno en el marco de la \u00faltima sesi\u00f3n de alegatos orales en la Corte Internacional de Justicia de La Haya por el caso del r\u00edo Silala. Asimismo hizo un llamado a Bolivia a reanudar la&#8230;<a class=\"btnReadMore\" href=\"https:\/\/www.semanariolocal.cl\/?p=5382\"> Leer M\u00e1s<\/a><\/p>\n","protected":false},"author":1,"featured_media":5383,"comment_status":"closed","ping_status":"closed","sticky":false,"template":"","format":"standard","meta":{"footnotes":""},"categories":[3,6],"tags":[],"class_list":["post-5382","post","type-post","status-publish","format-standard","has-post-thumbnail","hentry","category-al-dia","category-politica"],"_links":{"self":[{"href":"https:\/\/www.semanariolocal.cl\/index.php?rest_route=\/wp\/v2\/posts\/5382","targetHints":{"allow":["GET"]}}],"collection":[{"href":"https:\/\/www.semanariolocal.cl\/index.php?rest_route=\/wp\/v2\/posts"}],"about":[{"href":"https:\/\/www.semanariolocal.cl\/index.php?rest_route=\/wp\/v2\/types\/post"}],"author":[{"embeddable":true,"href":"https:\/\/www.semanariolocal.cl\/index.php?rest_route=\/wp\/v2\/users\/1"}],"replies":[{"embeddable":true,"href":"https:\/\/www.semanariolocal.cl\/index.php?rest_route=%2Fwp%2Fv2%2Fcomments&post=5382"}],"version-history":[{"count":1,"href":"https:\/\/www.semanariolocal.cl\/index.php?rest_route=\/wp\/v2\/posts\/5382\/revisions"}],"predecessor-version":[{"id":5384,"href":"https:\/\/www.semanariolocal.cl\/index.php?rest_route=\/wp\/v2\/posts\/5382\/revisions\/5384"}],"wp:featuredmedia":[{"embeddable":true,"href":"https:\/\/www.semanariolocal.cl\/index.php?rest_route=\/wp\/v2\/media\/5383"}],"wp:attachment":[{"href":"https:\/\/www.semanariolocal.cl\/index.php?rest_route=%2Fwp%2Fv2%2Fmedia&parent=5382"}],"wp:term":[{"taxonomy":"category","embeddable":true,"href":"https:\/\/www.semanariolocal.cl\/index.php?rest_route=%2Fwp%2Fv2%2Fcategories&post=5382"},{"taxonomy":"post_tag","embeddable":true,"href":"https:\/\/www.semanariolocal.cl\/index.php?rest_route=%2Fwp%2Fv2%2Ftags&post=5382"}],"curies":[{"name":"wp","href":"https:\/\/api.w.org\/{rel}","templated":true}]}}