{"id":5378,"date":"2022-04-13T09:10:00","date_gmt":"2022-04-13T13:10:00","guid":{"rendered":"https:\/\/www.semanariolocal.cl\/?p=5378"},"modified":"2022-04-14T09:15:42","modified_gmt":"2022-04-14T13:15:42","slug":"docente-de-tecnologia-medica-uach-participo-en-elaboracion-del-plan-nacional-de-salud-auditiva-2021-2030","status":"publish","type":"post","link":"https:\/\/www.semanariolocal.cl\/?p=5378","title":{"rendered":"Docente de Tecnolog\u00eda M\u00e9dica UACh particip\u00f3 en elaboraci\u00f3n del Plan Nacional de Salud Auditiva 2021-2030"},"content":{"rendered":"\n<p>La profesora Geovana Casanova de la Escuela de Tecnolog\u00eda M\u00e9dica en la Menci\u00f3n Otorrinolaringolog\u00eda, fue invitada a participar como referente y colaboradora externa en la elaboraci\u00f3n de&nbsp;<strong>Plan Nacional de Salud Auditiva 2021-2030<\/strong>&nbsp;programa nacional de la Subsecretar\u00eda de Salud P\u00fablica Divisi\u00f3n de Prevenci\u00f3n y Control de Enfermedades Departamento de Ciclo Vital del Ministerio de Salud, que se lanz\u00f3 el pasado mes de marzo.<\/p>\n\n\n\n<p>De entre los\/as 18 Colaboradores Externos provenientes de instituciones p\u00fablicas y privadas, a nivel nacional, de diferentes disciplinas vinculadas con la tem\u00e1tica de salud auditiva, la acad\u00e9mica UACh es la \u00fanica que viene a representar una carrera que forma profesionales como es la Escuela de Tecnolog\u00eda M\u00e9dica menci\u00f3n Otorrinolaringolog\u00eda de la Universidad Austral de Chile, siendo ella coordinadora de esa \u00e1rea.<\/p>\n\n\n\n<p>La acad\u00e9mica destac\u00f3 que fue \u201cinvitada a participar como referente, y en el cual aparezco como colaboradora Externa. Este es un trabajo que comenzamos en noviembre de 2019 de manera presencial en Santiago se continu\u00f3 trabajando el a\u00f1o 2021 en su validaci\u00f3n y posterior publicaci\u00f3n oficial el 03 de marzo del 2022 para el D\u00eda Mundial de la Audici\u00f3n\u201d.<\/p>\n\n\n\n<p>Seg\u00fan indic\u00f3 la acad\u00e9mica, \u201ceste es el primer plan de salud auditiva que comienza a implementarse y viene a cubrir una importante necesidad de nuestra poblaci\u00f3n, es relevante en el sentido que no solo incorpora acciones de tratamiento como se ven\u00eda trabajando hasta ahora, si no que involucra adem\u00e1s otros aspectos de relevancia como la promoci\u00f3n de buenas pr\u00e1cticas y prevenci\u00f3n de la hipoacusia. Es un programa abordado desde los derechos humanos con 65 estrategias que buscan cumplir 20 objetivos de aqu\u00ed al 2030\u201d.<\/p>\n\n\n\n<p>Sobre el aporte UACh a este plan, indic\u00f3 la acad\u00e9mica que \u201cpudimos aportar desde nuestra experiencia en base a la formaci\u00f3n y competencias de los Tecn\u00f3logos m\u00e9dicos de la menci\u00f3n de Otorrinolaringolog\u00eda en la Universidad Austral de Chile; a la atenci\u00f3n de pacientes del \u00e1rea en el Centro de Salud La Colina y sus necesidades, as\u00ed como nuestra experiencia y sello en actividades de promoci\u00f3n y prevenci\u00f3n en salud otorrinolaringol\u00f3gica y el impacto de estas actividades en la poblaci\u00f3n objetivo. Adem\u00e1s, es importante considerar que nosotros nos desempe\u00f1amos en el sur del pa\u00eds y nuestra realidad es muy diferente a como se dan las cosas en Santiago, por lo que creo que adem\u00e1s pudimos ser un aporte con una visi\u00f3n m\u00e1s regionalista\u201d.<\/p>\n\n\n\n<p>M\u00e1s informaci\u00f3n del Plan Nacional de Salud Auditiva y cuidado del o\u00eddo en el siguiente link:<\/p>\n\n\n\n<p><a href=\"https:\/\/www.minsal.cl\/minsal-presenta-el-plan-nacional-de-salud-auditiva-y-cuidado-del-oido-2021-2030\/\">https:\/\/www.minsal.cl\/minsal-presenta-el-plan-nacional-de-salud-auditiva-y-cuidado-del-oido-2021-2030\/<\/a><\/p>\n","protected":false},"excerpt":{"rendered":"<p>Se lanz\u00f3 en el mes de marzo reci\u00e9n pasado. Su creaci\u00f3n fue promovida por la Organizaci\u00f3n Mundial de la Salud (OMS) en todos los pa\u00edses.<\/p>\n","protected":false},"author":1,"featured_media":5379,"comment_status":"closed","ping_status":"closed","sticky":false,"template":"","format":"standard","meta":{"footnotes":""},"categories":[3],"tags":[],"class_list":["post-5378","post","type-post","status-publish","format-standard","has-post-thumbnail","hentry","category-al-dia"],"_links":{"self":[{"href":"https:\/\/www.semanariolocal.cl\/index.php?rest_route=\/wp\/v2\/posts\/5378","targetHints":{"allow":["GET"]}}],"collection":[{"href":"https:\/\/www.semanariolocal.cl\/index.php?rest_route=\/wp\/v2\/posts"}],"about":[{"href":"https:\/\/www.semanariolocal.cl\/index.php?rest_route=\/wp\/v2\/types\/post"}],"author":[{"embeddable":true,"href":"https:\/\/www.semanariolocal.cl\/index.php?rest_route=\/wp\/v2\/users\/1"}],"replies":[{"embeddable":true,"href":"https:\/\/www.semanariolocal.cl\/index.php?rest_route=%2Fwp%2Fv2%2Fcomments&post=5378"}],"version-history":[{"count":1,"href":"https:\/\/www.semanariolocal.cl\/index.php?rest_route=\/wp\/v2\/posts\/5378\/revisions"}],"predecessor-version":[{"id":5380,"href":"https:\/\/www.semanariolocal.cl\/index.php?rest_route=\/wp\/v2\/posts\/5378\/revisions\/5380"}],"wp:featuredmedia":[{"embeddable":true,"href":"https:\/\/www.semanariolocal.cl\/index.php?rest_route=\/wp\/v2\/media\/5379"}],"wp:attachment":[{"href":"https:\/\/www.semanariolocal.cl\/index.php?rest_route=%2Fwp%2Fv2%2Fmedia&parent=5378"}],"wp:term":[{"taxonomy":"category","embeddable":true,"href":"https:\/\/www.semanariolocal.cl\/index.php?rest_route=%2Fwp%2Fv2%2Fcategories&post=5378"},{"taxonomy":"post_tag","embeddable":true,"href":"https:\/\/www.semanariolocal.cl\/index.php?rest_route=%2Fwp%2Fv2%2Ftags&post=5378"}],"curies":[{"name":"wp","href":"https:\/\/api.w.org\/{rel}","templated":true}]}}