{"id":5375,"date":"2022-04-13T09:07:00","date_gmt":"2022-04-13T13:07:00","guid":{"rendered":"https:\/\/www.semanariolocal.cl\/?p=5375"},"modified":"2022-04-14T09:09:57","modified_gmt":"2022-04-14T13:09:57","slug":"senador-gaston-saavedra-ps-pide-subsidio-para-alimentos-basicos","status":"publish","type":"post","link":"https:\/\/www.semanariolocal.cl\/?p=5375","title":{"rendered":"Senador Gast\u00f3n Saavedra (PS) pide subsidio para alimentos b\u00e1sicos"},"content":{"rendered":"\n<p>El Senador PS Gast\u00f3n Saavedra plante\u00f3 la necesidad de que se establezca un subsidio para los alimentos de consumo b\u00e1sico.<\/p>\n\n\n\n<p>A juicio del parlamentario socialista de la comisi\u00f3n de Trabajo, \u00abla negativa a un quinto retiro por temor a la inflaci\u00f3n, obligan al gobierno a actuar de manera directa estableciendo subsidios para productos que se encuentran en la canasta b\u00e1sica\u00bb.<\/p>\n\n\n\n<p>\u00abNuestra idea es que se haga accesible o que exista una intervenci\u00f3n del gobierno, para frenar, paliar o bajar los precios de alimentos que son de primera necesidad como el aceite, la leche o la harina. Hoy objetivamente el poder adquisitivo ha disminuido y eso debe ser solucionado por el Estado de&nbsp;manera directa y r\u00e1pida\u00bb; explic\u00f3 Saavedra.<\/p>\n\n\n\n<p>Sobre este punto el senador PS agreg\u00f3 que \u00abas\u00ed como vemos que el gobierno interviene en materias como transporte o los combustibles, creemos que es hora de establecer un mecanismo que subsidie directamente a los chilenos o las empresas distribuidoras y productoras, para que no traspasen inflaci\u00f3n a las familias chilenas\u00bb; concluy\u00f3 Gast\u00f3n Saavedra.<\/p>\n","protected":false},"excerpt":{"rendered":"<p>El senador de la Comisi\u00f3n de Trabajo afirm\u00f3 que la inflaci\u00f3n hace necesario que el Estado intervenga con apoyo directo de las familias chilenas .<\/p>\n","protected":false},"author":1,"featured_media":5376,"comment_status":"closed","ping_status":"closed","sticky":false,"template":"","format":"standard","meta":{"footnotes":""},"categories":[3],"tags":[],"class_list":["post-5375","post","type-post","status-publish","format-standard","has-post-thumbnail","hentry","category-al-dia"],"_links":{"self":[{"href":"https:\/\/www.semanariolocal.cl\/index.php?rest_route=\/wp\/v2\/posts\/5375","targetHints":{"allow":["GET"]}}],"collection":[{"href":"https:\/\/www.semanariolocal.cl\/index.php?rest_route=\/wp\/v2\/posts"}],"about":[{"href":"https:\/\/www.semanariolocal.cl\/index.php?rest_route=\/wp\/v2\/types\/post"}],"author":[{"embeddable":true,"href":"https:\/\/www.semanariolocal.cl\/index.php?rest_route=\/wp\/v2\/users\/1"}],"replies":[{"embeddable":true,"href":"https:\/\/www.semanariolocal.cl\/index.php?rest_route=%2Fwp%2Fv2%2Fcomments&post=5375"}],"version-history":[{"count":1,"href":"https:\/\/www.semanariolocal.cl\/index.php?rest_route=\/wp\/v2\/posts\/5375\/revisions"}],"predecessor-version":[{"id":5377,"href":"https:\/\/www.semanariolocal.cl\/index.php?rest_route=\/wp\/v2\/posts\/5375\/revisions\/5377"}],"wp:featuredmedia":[{"embeddable":true,"href":"https:\/\/www.semanariolocal.cl\/index.php?rest_route=\/wp\/v2\/media\/5376"}],"wp:attachment":[{"href":"https:\/\/www.semanariolocal.cl\/index.php?rest_route=%2Fwp%2Fv2%2Fmedia&parent=5375"}],"wp:term":[{"taxonomy":"category","embeddable":true,"href":"https:\/\/www.semanariolocal.cl\/index.php?rest_route=%2Fwp%2Fv2%2Fcategories&post=5375"},{"taxonomy":"post_tag","embeddable":true,"href":"https:\/\/www.semanariolocal.cl\/index.php?rest_route=%2Fwp%2Fv2%2Ftags&post=5375"}],"curies":[{"name":"wp","href":"https:\/\/api.w.org\/{rel}","templated":true}]}}