{"id":5372,"date":"2022-04-13T09:03:00","date_gmt":"2022-04-13T13:03:00","guid":{"rendered":"https:\/\/www.semanariolocal.cl\/?p=5372"},"modified":"2022-04-14T09:07:19","modified_gmt":"2022-04-14T13:07:19","slug":"gobierno-regional-inaugura-tres-obras-en-beneficio-de-la-comunidad-de-san-juan-de-la-costa","status":"publish","type":"post","link":"https:\/\/www.semanariolocal.cl\/?p=5372","title":{"rendered":"Gobierno Regional inaugura tres obras en beneficio de la comunidad de San Juan de la Costa"},"content":{"rendered":"\n<p>Con la presencia del Gobernador Regional Patricio Vallespin, Consejeros Regionales y el alcalde Bernardo Candia, tres importantes obras ejecutadas con fondos FRIL, fueron inauguradas por las autoridades. Vecinos de los sectores como Bah\u00eda Mansa, Puacho y Caleta Manzano, cuentan con nuevas infraestructuras para atenciones m\u00e9dicas y de esparcimiento.<\/p>\n\n\n\n<p>La construcci\u00f3n del Centro Comunitario Multiprop\u00f3sito de Puacho, la inauguraci\u00f3n de la Multicancha en Bah\u00eda Mansa, y el corte de cinta del Centro Comunitario y de Salud de Caleta Manzano; fueron los proyectos inaugurados por el Gobernador Patricio Vallespin, junto a parte del Consejo Regional y el alcalde Bernardo Candia, las ceremonias adem\u00e1s contaron con la participaci\u00f3n de organizaciones sociales del sector y los propios vecinos.<\/p>\n\n\n\n<p>En cuanto a la inversi\u00f3n entregada por el Gobierno Regional, mediante proyectos FRIL, las tres iniciativas suman una inversi\u00f3n superior a los $280 millones, lo cual, resulta ser un importante para avance para localidades apartadas de San Juan de La Costa, tal como lo se\u00f1al\u00f3 la m\u00e1xima autoridad regional, el Gobernador Patricio Vallespin,\u201d aqu\u00ed estamos haciendo algo muy significativo, pues, hemos confiado en los gobiernos comunales y en sus alcaldes. Aqu\u00ed, hemos visto el desarrollo de nuevas iniciativas y tambi\u00e9n de grandes desaf\u00edos, lo cual queremos construir, la agenda de desarrollo se construye desde los territorios y eso es lo que queremos hacer\u201d.<\/p>\n\n\n\n<p>Matilde Marip\u00e1n, Presidenta de la Comunidad Ind\u00edgena Choroy Traigu\u00e9n, agradeci\u00f3 el que se haya cumplido el objetivo fundamental por el cual se solicit\u00f3 construir un centro comunitario, \u201cquiero agradecer al gobernador y tal como \u00e9l lo dice, paso a paso se van construyendo las cosas y este el segundo paso para lo que se viene, construir un nuevo puente y tambi\u00e9n mejorar nuestro camino\u201d.<\/p>\n\n\n\n<p>El alcalde Bernardo Candia destac\u00f3 el trabajo mancomunado de los Consejeros Regionales, la Municipalidad y el Gobernador, \u201caqu\u00ed se construye pol\u00edtica p\u00fablica desde lo local y tiene el sentido de pertinencia. Estamos muy agradecidos porque sabemos que con esto se viene a mejorar la calidad de vida de muchos vecinos de San Juan de la Costa\u201d.<\/p>\n\n\n\n<p>Los consejeros regionales de la provincia de Osorno que participaron de la ceremonia, Mar\u00eda Ang\u00e9lica Barraza, Francisco Reyes y Francisco Paredes, se\u00f1alaron que el apoyo para este tipo de obras siempre estar\u00e1. \u201cEsto es parte del esfuerzo entre el municipio y el Gobierno Regional, un trabajo que se logra estando en terreno, conociendo y haciendo un trabajo efectivo con la comunidad\u201d, dijo el consejero Francisco Reyes.<\/p>\n","protected":false},"excerpt":{"rendered":"<p>Con la presencia del Gobernador Regional Patricio Vallespin, Consejeros Regionales y el alcalde Bernardo Candia, tres importantes obras ejecutadas con fondos FRIL, fueron inauguradas por las autoridades. Vecinos de los sectores como Bah\u00eda Mansa, Puacho y Caleta Manzano, cuentan con nuevas infraestructuras para atenciones m\u00e9dicas y de esparcimiento. La construcci\u00f3n del Centro Comunitario Multiprop\u00f3sito de&#8230;<a class=\"btnReadMore\" href=\"https:\/\/www.semanariolocal.cl\/?p=5372\"> Leer M\u00e1s<\/a><\/p>\n","protected":false},"author":1,"featured_media":5373,"comment_status":"closed","ping_status":"closed","sticky":false,"template":"","format":"standard","meta":{"footnotes":""},"categories":[3],"tags":[],"class_list":["post-5372","post","type-post","status-publish","format-standard","has-post-thumbnail","hentry","category-al-dia"],"_links":{"self":[{"href":"https:\/\/www.semanariolocal.cl\/index.php?rest_route=\/wp\/v2\/posts\/5372","targetHints":{"allow":["GET"]}}],"collection":[{"href":"https:\/\/www.semanariolocal.cl\/index.php?rest_route=\/wp\/v2\/posts"}],"about":[{"href":"https:\/\/www.semanariolocal.cl\/index.php?rest_route=\/wp\/v2\/types\/post"}],"author":[{"embeddable":true,"href":"https:\/\/www.semanariolocal.cl\/index.php?rest_route=\/wp\/v2\/users\/1"}],"replies":[{"embeddable":true,"href":"https:\/\/www.semanariolocal.cl\/index.php?rest_route=%2Fwp%2Fv2%2Fcomments&post=5372"}],"version-history":[{"count":1,"href":"https:\/\/www.semanariolocal.cl\/index.php?rest_route=\/wp\/v2\/posts\/5372\/revisions"}],"predecessor-version":[{"id":5374,"href":"https:\/\/www.semanariolocal.cl\/index.php?rest_route=\/wp\/v2\/posts\/5372\/revisions\/5374"}],"wp:featuredmedia":[{"embeddable":true,"href":"https:\/\/www.semanariolocal.cl\/index.php?rest_route=\/wp\/v2\/media\/5373"}],"wp:attachment":[{"href":"https:\/\/www.semanariolocal.cl\/index.php?rest_route=%2Fwp%2Fv2%2Fmedia&parent=5372"}],"wp:term":[{"taxonomy":"category","embeddable":true,"href":"https:\/\/www.semanariolocal.cl\/index.php?rest_route=%2Fwp%2Fv2%2Fcategories&post=5372"},{"taxonomy":"post_tag","embeddable":true,"href":"https:\/\/www.semanariolocal.cl\/index.php?rest_route=%2Fwp%2Fv2%2Ftags&post=5372"}],"curies":[{"name":"wp","href":"https:\/\/api.w.org\/{rel}","templated":true}]}}