{"id":5365,"date":"2022-04-13T11:49:00","date_gmt":"2022-04-13T15:49:00","guid":{"rendered":"https:\/\/www.semanariolocal.cl\/?p=5365"},"modified":"2022-04-13T23:51:58","modified_gmt":"2022-04-14T03:51:58","slug":"pucv-es-la-primera-universidad-de-chile-en-tener-un-ramo-de-rap-y-freestyle","status":"publish","type":"post","link":"https:\/\/www.semanariolocal.cl\/?p=5365","title":{"rendered":"PUCV es la primera universidad de Chile en tener un ramo de rap y freestyle"},"content":{"rendered":"\n<p>M\u00e1s de 40 estudiantes de distintas carreras de la Pontificia Universidad Cat\u00f3lica de Valpara\u00edso (PUCV) est\u00e1n participando en la novedosa asignatura \u201cTaller de Rap y Frestyle\u201d, la primera de este tipo en una casa de estudios superiores del pa\u00eds.<\/p>\n\n\n\n<p>Algunas de las tem\u00e1ticas que los j\u00f3venes est\u00e1n aprendiendo son rimas, cultura, \u201cpunchlines\u201d y estructuras, en una iniciativa que surgi\u00f3 en la Escuela de Ingenier\u00eda de Construcci\u00f3n y Transporte de la PUCV y que es dictada por precursores del freestyle en la Regi\u00f3n de Valpara\u00edso y pioneros en competencias de este tipo en Chile: el periodista Alejandro Guti\u00e9rrez (Soldiar) y el psic\u00f3logo Sebasti\u00e1n Mendoza (Mc Samo).<\/p>\n\n\n\n<p>Ambos tienen experiencia, tanto arriba de los escenarios, como componiendo canciones y principalmente, ense\u00f1ando este arte a trav\u00e9s de talleres en decenas de colegios, liceos, centros del Sename, entre otros, y que hoy se abocan a este gran desaf\u00edo de hacer clases en una de las universidades m\u00e1s prestigiosas del pa\u00eds.<\/p>\n\n\n\n<p>Esta asignatura es parte del Programa de Formaci\u00f3n Fundamental de la PUCV que apunta a desarrollar diversas habilidades en los nuevos profesionales, que van m\u00e1s all\u00e1 de la formaci\u00f3n acad\u00e9mica propiamente tal.<\/p>\n\n\n\n<p>Sabiendo que el rap y el freestyle generan cada a\u00f1o millones de seguidores a lo largo del mundo, esta parece una magn\u00edfica oportunidad para los alumnos de poder aprender desde un enfoque educativo, cultural y terap\u00e9utico, que busca impulsar las habilidades socioemocionales de los participantes de esta asignatura, entreg\u00e1ndoles herramientas de gran utilidad para diversos \u00e1mbitos de sus vidas.<\/p>\n\n\n\n<p>\u201cEntendiendo que los j\u00f3venes llevan dos a\u00f1os sin clases presenciales, creemos que este tipo de asignaturas son indispensables para el desarrollo art\u00edstico, emocional e integral de los estudiantes, pudiendo aportar no s\u00f3lo en su formaci\u00f3n acad\u00e9mica desde el \u00e1rea del lenguaje y las habilidades cognitivas, sino tambi\u00e9n en la reparaci\u00f3n de la salud mental de nuestros j\u00f3venes, quienes necesitan liberar emociones de alguna forma y qu\u00e9 mejor que lo hagan en su aula, en un contexto sano, seguro y divertido. Para formar personas exitosas, necesitamos formar personas felices\u201d, relata Alejandro Guti\u00e9rrez, uno de los docentes de la asignatura.<\/p>\n\n\n\n<p>Dentro de los m\u00e1s de 40 estudiantes inscritos en esta asignatura se encuentra Brando Ram\u00edrez (On\u00edrico), quien es uno de los jueces de FMS Chile, una de las competencias de freestyle m\u00e1s importantes del mundo.<\/p>\n\n\n\n<p>\u201cLa primera clase del curso fue incre\u00edble, cumpli\u00f3 con las expectativas que le ten\u00eda, mitad teor\u00eda y mitad pr\u00e1ctica, el ambiente que se gener\u00f3 fue muy agradable entre todos. El hecho que exista este ramo me llena de felicidad, lo que hace mucho tiempo se ve\u00eda con otros ojos ahora est\u00e1 llegando a las universidades, es un gran paso para la cultura, y es la instancia perfecta para que gente que nunca se atrevi\u00f3 a entrar en este mundo por verg\u00fcenza o inexperiencia logre dar el paso para adentrarse\u201d, expres\u00f3.<\/p>\n\n\n\n<p>T\u00e9cnicas para expresarse en p\u00fablico, lenguaje paraverbal, gesti\u00f3n y canalizaci\u00f3n de emociones, t\u00e9cnicas de improvisaci\u00f3n y escritura, son parte del programa de esta asignatura que se dicta en la Facultad de Ingenier\u00eda de la PUCV, con alumnos de diversas carreras y que se extender\u00e1 durante el primer semestre con proyecciones de continuar siendo parte de la malla curricular.<\/p>\n","protected":false},"excerpt":{"rendered":"<p>La asignatura es parte del Programa de Formaci\u00f3n Fundamental de la Pontificia Universidad Cat\u00f3lica de Valpara\u00edso, que apunta a desarrollar competencias en los futuros profesionales que van m\u00e1s all\u00e1 de lo netamente acad\u00e9mico.<\/p>\n","protected":false},"author":1,"featured_media":5366,"comment_status":"closed","ping_status":"closed","sticky":false,"template":"","format":"standard","meta":{"footnotes":""},"categories":[3],"tags":[],"class_list":["post-5365","post","type-post","status-publish","format-standard","has-post-thumbnail","hentry","category-al-dia"],"_links":{"self":[{"href":"https:\/\/www.semanariolocal.cl\/index.php?rest_route=\/wp\/v2\/posts\/5365","targetHints":{"allow":["GET"]}}],"collection":[{"href":"https:\/\/www.semanariolocal.cl\/index.php?rest_route=\/wp\/v2\/posts"}],"about":[{"href":"https:\/\/www.semanariolocal.cl\/index.php?rest_route=\/wp\/v2\/types\/post"}],"author":[{"embeddable":true,"href":"https:\/\/www.semanariolocal.cl\/index.php?rest_route=\/wp\/v2\/users\/1"}],"replies":[{"embeddable":true,"href":"https:\/\/www.semanariolocal.cl\/index.php?rest_route=%2Fwp%2Fv2%2Fcomments&post=5365"}],"version-history":[{"count":1,"href":"https:\/\/www.semanariolocal.cl\/index.php?rest_route=\/wp\/v2\/posts\/5365\/revisions"}],"predecessor-version":[{"id":5367,"href":"https:\/\/www.semanariolocal.cl\/index.php?rest_route=\/wp\/v2\/posts\/5365\/revisions\/5367"}],"wp:featuredmedia":[{"embeddable":true,"href":"https:\/\/www.semanariolocal.cl\/index.php?rest_route=\/wp\/v2\/media\/5366"}],"wp:attachment":[{"href":"https:\/\/www.semanariolocal.cl\/index.php?rest_route=%2Fwp%2Fv2%2Fmedia&parent=5365"}],"wp:term":[{"taxonomy":"category","embeddable":true,"href":"https:\/\/www.semanariolocal.cl\/index.php?rest_route=%2Fwp%2Fv2%2Fcategories&post=5365"},{"taxonomy":"post_tag","embeddable":true,"href":"https:\/\/www.semanariolocal.cl\/index.php?rest_route=%2Fwp%2Fv2%2Ftags&post=5365"}],"curies":[{"name":"wp","href":"https:\/\/api.w.org\/{rel}","templated":true}]}}