{"id":5362,"date":"2022-04-12T19:12:37","date_gmt":"2022-04-12T23:12:37","guid":{"rendered":"https:\/\/www.semanariolocal.cl\/?p=5362"},"modified":"2022-04-12T19:12:37","modified_gmt":"2022-04-12T23:12:37","slug":"denuncian-mal-estado-de-establecimientos-administrados-por-slep","status":"publish","type":"post","link":"https:\/\/www.semanariolocal.cl\/?p=5362","title":{"rendered":"Denuncian mal estado de establecimientos administrados por SLEP"},"content":{"rendered":"\n<p>Como un total fracaso calific\u00f3 el senador socialista por la Regi\u00f3n de Los Lagos, Fidel Espinoza, la funci\u00f3n desarrollada por los Servicios Locales de Educaci\u00f3n P\u00fablica (SLEP) instalados en Llanquihue, Frutillar, Puerto Varas y Fresia, por cuanto los establecimientos a su cargo estar\u00edan en el m\u00e1s absoluto desamparo.<\/p>\n\n\n\n<p>Salas de clase en mal estado, escasez de materiales para sus alumnos y deficientes condiciones de salubridad en los establecimientos de educaci\u00f3n ser\u00edan el entorno con el que deben lidiar ni\u00f1os y ni\u00f1as que asisten a estos lugares, donde no hay una preocupaci\u00f3n real de quienes est\u00e1n a cargo, de al parlamentario.<\/p>\n\n\n\n<p>\u201cEs necesario que nuestros alumnos se eduquen en un ambiente seguro, limpio y con digno, y es deber del Estado brind\u00e1rselo\u201d, se\u00f1al\u00f3 Espinoza.<\/p>\n\n\n\n<p>De ah\u00ed que el parlamentario hiciera un fuerte llamado al ministro de Educaci\u00f3n y a la seremi del ramo para se apersonen en los establecimientos educacionales, establezcan un di\u00e1logo con profesores, asistentes, padres y alumnos, y tomen conocimiento &nbsp;en terreno de la gravedad de los hechos que se viven.<\/p>\n\n\n\n<p>\u201cSe deben adoptar todas las medidas con urgencia, ya que las malas condiciones se vendr\u00edan dando hace m\u00e1s de un a\u00f1o y no se ha visto por parte de la actual Direcci\u00f3n del Servicio Educativo, nominada por el anterior gobierno, un real esp\u00edritu de querer superar la crisis en la educaci\u00f3n p\u00fablica\u201d, asegur\u00f3 el senador.<\/p>\n\n\n\n<p>\u201cSi antes ten\u00edamos problemas con la calefacci\u00f3n e inconvenientes con la infraestructura, hoy est\u00e1 diez veces m\u00e1s grave\u201d, afirm\u00f3 Espinoza, agregando que \u201cno solucionar los problemas que hoy tienen que vivir estas comunidades educativas, en pleno periodo de clases, ser\u00eda un mal presagio para las otras comunas que se deben integrar a estos servicios pr\u00f3ximamente. Por, consiguiente, las autoridades, tanto nacionales como locales, deben tomar acci\u00f3n y dar soluci\u00f3n definitiva a cientos de ni\u00f1os y ni\u00f1as que se educan en estos establecimientos\u201d.<\/p>\n\n\n\n<p>Finalmente, Espinoza indic\u00f3 que \u201cse habla de que debemos ocuparnos de la educaci\u00f3n p\u00fablica en Chile y ya lleg\u00f3 la hora de hacerlo. El Estado debe entregar calidad basada en la confiabilidad y eficiencia, garantizando un desarrollo integral y bienestar de los estudiantes\u201d.<\/p>\n\n\n\n<p>Cabe se\u00f1alar que en noviembre de 2017, la ley 21.040 cre\u00f3 una nueva institucionalidad para la educaci\u00f3n p\u00fablica en Chile, donde se traspasan los establecimientos educacionales a Servicios Locales de Educaci\u00f3n P\u00fablica (SLEP) en forma gradual. Estos cumplen funciones de sostenedores que deben velar por la educaci\u00f3n integral, de calidad y con pertinencia local.<\/p>\n\n\n\n<figure class=\"wp-block-embed is-type-video is-provider-youtube wp-block-embed-youtube wp-embed-aspect-16-9 wp-has-aspect-ratio\"><div class=\"wp-block-embed__wrapper\">\n<ul class=\"bxslider-vid\"><li><iframe loading=\"lazy\" title=\"Fuerte cuestionamiento a Servicios locales de educaci\u00f3n publica\" width=\"1778\" height=\"1000\" src=\"https:\/\/www.youtube.com\/embed\/N-PIHfSHQ2g?feature=oembed\" frameborder=\"0\" allow=\"accelerometer; autoplay; clipboard-write; encrypted-media; gyroscope; picture-in-picture\" allowfullscreen><\/iframe><\/li><\/ul>\n<\/div><\/figure>\n","protected":false},"excerpt":{"rendered":"<p>El legislador socialista visibiliz\u00f3 las deficientes condiciones en las que deben asistir los alumnos y alumnas en la Regi\u00f3n de Los lagos.<\/p>\n","protected":false},"author":1,"featured_media":5363,"comment_status":"closed","ping_status":"closed","sticky":false,"template":"","format":"standard","meta":{"footnotes":""},"categories":[11,6],"tags":[],"class_list":["post-5362","post","type-post","status-publish","format-standard","has-post-thumbnail","hentry","category-educacion","category-politica"],"_links":{"self":[{"href":"https:\/\/www.semanariolocal.cl\/index.php?rest_route=\/wp\/v2\/posts\/5362","targetHints":{"allow":["GET"]}}],"collection":[{"href":"https:\/\/www.semanariolocal.cl\/index.php?rest_route=\/wp\/v2\/posts"}],"about":[{"href":"https:\/\/www.semanariolocal.cl\/index.php?rest_route=\/wp\/v2\/types\/post"}],"author":[{"embeddable":true,"href":"https:\/\/www.semanariolocal.cl\/index.php?rest_route=\/wp\/v2\/users\/1"}],"replies":[{"embeddable":true,"href":"https:\/\/www.semanariolocal.cl\/index.php?rest_route=%2Fwp%2Fv2%2Fcomments&post=5362"}],"version-history":[{"count":1,"href":"https:\/\/www.semanariolocal.cl\/index.php?rest_route=\/wp\/v2\/posts\/5362\/revisions"}],"predecessor-version":[{"id":5364,"href":"https:\/\/www.semanariolocal.cl\/index.php?rest_route=\/wp\/v2\/posts\/5362\/revisions\/5364"}],"wp:featuredmedia":[{"embeddable":true,"href":"https:\/\/www.semanariolocal.cl\/index.php?rest_route=\/wp\/v2\/media\/5363"}],"wp:attachment":[{"href":"https:\/\/www.semanariolocal.cl\/index.php?rest_route=%2Fwp%2Fv2%2Fmedia&parent=5362"}],"wp:term":[{"taxonomy":"category","embeddable":true,"href":"https:\/\/www.semanariolocal.cl\/index.php?rest_route=%2Fwp%2Fv2%2Fcategories&post=5362"},{"taxonomy":"post_tag","embeddable":true,"href":"https:\/\/www.semanariolocal.cl\/index.php?rest_route=%2Fwp%2Fv2%2Ftags&post=5362"}],"curies":[{"name":"wp","href":"https:\/\/api.w.org\/{rel}","templated":true}]}}