{"id":5356,"date":"2022-04-12T12:16:15","date_gmt":"2022-04-12T16:16:15","guid":{"rendered":"https:\/\/www.semanariolocal.cl\/?p=5356"},"modified":"2022-04-12T12:16:19","modified_gmt":"2022-04-12T16:16:19","slug":"nueva-seremi-de-agricultura-la-sustentabilidad-y-seguridad-hidrica-seran-una-prioridad","status":"publish","type":"post","link":"https:\/\/www.semanariolocal.cl\/?p=5356","title":{"rendered":"Nueva Seremi de Agricultura : \u201cLa sustentabilidad y seguridad h\u00eddrica ser\u00e1n una prioridad\u201d"},"content":{"rendered":"\n<p>Con el desaf\u00edo de liderar un proyecto trasformador en el sector silvoagropecuario, Tania Salas, asumi\u00f3 el liderazgo de la Secretar\u00eda Regional Ministerial de Agricultura de la Regi\u00f3n de Los Lagos. La ingeniera en Biotecnolog\u00eda, de 33 a\u00f1os, deline\u00f3 los \u00e9nfasis que tendr\u00e1 su trabajo durante los pr\u00f3ximos meses.&nbsp;<\/p>\n\n\n\n<p>\u201cMe siento muy orgullosa de liderar este proceso en una regi\u00f3n donde el sector silvoagropecuario es tan importante y unos de los motores de la econom\u00eda local,&nbsp;el foco principal del trabajo del Ministerio de Agricultura est\u00e1 en la gente, en mejorar la calidad de vida de quienes hacen de la agricultura y el campo su vida, por eso espero desarrollar un trabajo colaborativo y estrechar confianzas con los diversos actores del mundo agr\u00edcola y forestal. La sustentabilidad y seguridad h\u00eddrica ser\u00e1n una prioridad en este periodo\u201d, sostuvo la autoridad regional del agro.&nbsp;<\/p>\n\n\n\n<p>En esa l\u00ednea, agreg\u00f3, que todas aquellas acciones asociadas a la adaptaci\u00f3n al cambio clim\u00e1tico, la seguridad alimentaria y que otorguen mayores niveles de competitividad a la agricultura familiar campesina y los principales rubros, son clave para conseguir un mayor desarrollo para quienes trabajan y habitan el mundo rural.&nbsp;<\/p>\n\n\n\n<p>\u201cDar\u00e9 lo mejor de m\u00ed para aportar a una agricultura sustentable, con alto potencial de desarrollo y con una mirada a largo plazo. Para esto, ser\u00e1 fundamental el uso de herramientas cient\u00edfico-tecnol\u00f3gicas y de fomento, muy importante, tambi\u00e9n el mantener un di\u00e1logo intersectorial, con las comunidades, gremios y distintas organizaciones\u201d, se\u00f1al\u00f3 la Seremi, tras realizar su primera visita a terreno donde Elvira&nbsp;Paredes, peque\u00f1a agricultora de Indap Los Lagos que complementa su&nbsp;trabajo en berries y hortalizas con la producci\u00f3n de bioinsumos.&nbsp;<\/p>\n","protected":false},"excerpt":{"rendered":"<p>Tras asumir la cartera del agro Tania Salas, ingeniera en Biotecnolog\u00eda (33) se\u00f1al\u00f3 que espera estrechar acuerdos de trabajo colaborativo con los diversos actores del mundo silvoagropecuario.<\/p>\n","protected":false},"author":1,"featured_media":5357,"comment_status":"closed","ping_status":"closed","sticky":false,"template":"","format":"standard","meta":{"footnotes":""},"categories":[3,4],"tags":[],"class_list":["post-5356","post","type-post","status-publish","format-standard","has-post-thumbnail","hentry","category-al-dia","category-reportajes"],"_links":{"self":[{"href":"https:\/\/www.semanariolocal.cl\/index.php?rest_route=\/wp\/v2\/posts\/5356","targetHints":{"allow":["GET"]}}],"collection":[{"href":"https:\/\/www.semanariolocal.cl\/index.php?rest_route=\/wp\/v2\/posts"}],"about":[{"href":"https:\/\/www.semanariolocal.cl\/index.php?rest_route=\/wp\/v2\/types\/post"}],"author":[{"embeddable":true,"href":"https:\/\/www.semanariolocal.cl\/index.php?rest_route=\/wp\/v2\/users\/1"}],"replies":[{"embeddable":true,"href":"https:\/\/www.semanariolocal.cl\/index.php?rest_route=%2Fwp%2Fv2%2Fcomments&post=5356"}],"version-history":[{"count":1,"href":"https:\/\/www.semanariolocal.cl\/index.php?rest_route=\/wp\/v2\/posts\/5356\/revisions"}],"predecessor-version":[{"id":5358,"href":"https:\/\/www.semanariolocal.cl\/index.php?rest_route=\/wp\/v2\/posts\/5356\/revisions\/5358"}],"wp:featuredmedia":[{"embeddable":true,"href":"https:\/\/www.semanariolocal.cl\/index.php?rest_route=\/wp\/v2\/media\/5357"}],"wp:attachment":[{"href":"https:\/\/www.semanariolocal.cl\/index.php?rest_route=%2Fwp%2Fv2%2Fmedia&parent=5356"}],"wp:term":[{"taxonomy":"category","embeddable":true,"href":"https:\/\/www.semanariolocal.cl\/index.php?rest_route=%2Fwp%2Fv2%2Fcategories&post=5356"},{"taxonomy":"post_tag","embeddable":true,"href":"https:\/\/www.semanariolocal.cl\/index.php?rest_route=%2Fwp%2Fv2%2Ftags&post=5356"}],"curies":[{"name":"wp","href":"https:\/\/api.w.org\/{rel}","templated":true}]}}