{"id":5353,"date":"2022-04-12T12:13:17","date_gmt":"2022-04-12T16:13:17","guid":{"rendered":"https:\/\/www.semanariolocal.cl\/?p=5353"},"modified":"2022-04-12T12:13:17","modified_gmt":"2022-04-12T16:13:17","slug":"a-2-anos-de-la-pandemia-en-osorno-mas-de-2-mil-personas-han-sido-hospitalizadas-con-covid19","status":"publish","type":"post","link":"https:\/\/www.semanariolocal.cl\/?p=5353","title":{"rendered":"A 2 a\u00f1os de la Pandemia en Osorno: M\u00e1s de 2 mil personas han sido hospitalizadas con COVID19"},"content":{"rendered":"\n<p>Con la llegada de la Pandemia COVID19 a Chile, la forma de ver la salud en el pa\u00eds tuvo un giro radical, este acontecimiento implic\u00f3 una serie de modificaciones en los protocolos sanitarios, modalidad de trabajos distintas, reforzamiento cl\u00ednico en los distintos recintos y, sobre todo, potenciar el autocuidado y la prevenci\u00f3n de una enfermedad que ha llegado a ser mortal. Osorno, no es la Excepci\u00f3n.<\/p>\n\n\n\n<p>Seg\u00fan datos obtenidos de la Plataforma UGCC Minsal y Sistema inform\u00e1tico Phoenix del Hospital Base San Jos\u00e9 Osorno, desde inicio de la Pandemia, m\u00e1s de 2 mil pacientes (2622) han ingresado al recinto Osornino hospitalizados con diagn\u00f3stico de COVID19. De ellos, febrero del 2022 fue el periodo con mayor n\u00famero de ingresos a hospitalizaci\u00f3n con 268 pacientes.&nbsp;<\/p>\n\n\n\n<p>\u201cLa pandemia nos ha puesto a prueba, el elemento m\u00e1s importante a destacar es la capacidad de respuesta que tuvo la instituci\u00f3n y la Red en poder, de una manera \u00e1gil, responder a las demandas solicitadas por la contingencia. En ese sentido lo que mejor se pudo lograr es comprometer a los funcionarios, de las distintas \u00e1reas, tanto cl\u00ednicas como de apoyo para poder dar una soluci\u00f3n a la demanda asistencial que se estaba dedicando en ese tiempo\u201d, explica el Dr. Hans Hesse, director del Hospital Base San Jos\u00e9 Osorno.&nbsp;<\/p>\n\n\n\n<p>El a\u00f1o 2020 el Hospital de Osorno triplic\u00f3 su capacidad de ventilar a pacientes en UCI, pasando de 8 a 24 camas, incluso a pasar hasta 33 cupos en UPC en los momentos m\u00e1s cr\u00edticos de la pandemia.<\/p>\n\n\n\n<p><strong>Vacunas y desaf\u00edos<\/strong><\/p>\n\n\n\n<p>El Dr. Hesse comenta que, sin lugar a dudas, las vacunas han marcado la diferencia \u201cDespu\u00e9s de los 2 a 3 meses del inicio de las campa\u00f1as de vacunaci\u00f3n, los casos graves bajaron de manera importante, pero los virus mutan y tienen ciertos patrones que son esperables dentro de su biolog\u00eda y se escapan a las vacunas, incluso a las terapias, pero ya al contar con un esquema de vacunaci\u00f3n, la pandemia ha podido controlarse y gestionarse de una mejor manera\u201d.&nbsp;&nbsp;&nbsp;<\/p>\n\n\n\n<p>A modo de correlaci\u00f3n, entre abril y diciembre del 2021, en la Unidad de Paciente Cr\u00edtico (UPC) hubo 153 pacientes ingresados por COVID19, de los cuales 27 ten\u00edan las dos dosis de vacuna para COVID19 administrada. S\u00f3lo un paciente ten\u00eda las dos primeras dosis. Solo el 17% de los pacientes hospitalizados en UPC ten\u00edan las dos primeras dosis de vacuna y menos del 1% ten\u00eda su esquema de vacunaci\u00f3n completo.<\/p>\n\n\n\n<p>Como enfatiza el director,se establecieron distintos tipos de protocolos para que el Hospital mantuviera la realizaci\u00f3n de las cirug\u00edas m\u00e1s graves y prioritarias en \u00e9poca de pandemia, aun as\u00ed, sigue siendo un desaf\u00edo constante junto a salud mental.<\/p>\n\n\n\n<p>\u201cOjal\u00e1 todas las personas pudieran tener sus operaciones y consultas en un plazo prudente, pero lamentablemente eso no ocurre y lo que hay que hacer en las listas de espera es gestionarlas de la mejor manera. Eso nos genera un tremendo desaf\u00edo m\u00e1s que la pandemia propiamente tal; el Hospital est\u00e1 haciendo los esfuerzos necesarios para poder dar la oferta y la resoluci\u00f3n a la gente que est\u00e1 en espera\u201d.<\/p>\n\n\n\n<p>Lamentablemente a la fecha (marzo 2022) ya son 475 los pacientes fallecidos por COVID19 que han pasado por el recinto. En ese sentido, desde el Recinto el llamado sigue siendo al autocuidado, la pandemia no ha terminado y consigo, la responsabilidad es de toda la comunidad para poder salir delante de este acontecimiento que ya lleva m\u00e1s de 2 a\u00f1os acompa\u00f1\u00e1ndonos.<\/p>\n","protected":false},"excerpt":{"rendered":"<p>Con la llegada de la Pandemia COVID19 a Chile, la forma de ver la salud en el pa\u00eds tuvo un giro radical, este acontecimiento implic\u00f3 una serie de modificaciones en los protocolos sanitarios, modalidad de trabajos distintas, reforzamiento cl\u00ednico en los distintos recintos y, sobre todo, potenciar el autocuidado y la prevenci\u00f3n de una enfermedad&#8230;<a class=\"btnReadMore\" href=\"https:\/\/www.semanariolocal.cl\/?p=5353\"> Leer M\u00e1s<\/a><\/p>\n","protected":false},"author":1,"featured_media":5354,"comment_status":"closed","ping_status":"closed","sticky":false,"template":"","format":"standard","meta":{"footnotes":""},"categories":[3,4],"tags":[],"class_list":["post-5353","post","type-post","status-publish","format-standard","has-post-thumbnail","hentry","category-al-dia","category-reportajes"],"_links":{"self":[{"href":"https:\/\/www.semanariolocal.cl\/index.php?rest_route=\/wp\/v2\/posts\/5353","targetHints":{"allow":["GET"]}}],"collection":[{"href":"https:\/\/www.semanariolocal.cl\/index.php?rest_route=\/wp\/v2\/posts"}],"about":[{"href":"https:\/\/www.semanariolocal.cl\/index.php?rest_route=\/wp\/v2\/types\/post"}],"author":[{"embeddable":true,"href":"https:\/\/www.semanariolocal.cl\/index.php?rest_route=\/wp\/v2\/users\/1"}],"replies":[{"embeddable":true,"href":"https:\/\/www.semanariolocal.cl\/index.php?rest_route=%2Fwp%2Fv2%2Fcomments&post=5353"}],"version-history":[{"count":1,"href":"https:\/\/www.semanariolocal.cl\/index.php?rest_route=\/wp\/v2\/posts\/5353\/revisions"}],"predecessor-version":[{"id":5355,"href":"https:\/\/www.semanariolocal.cl\/index.php?rest_route=\/wp\/v2\/posts\/5353\/revisions\/5355"}],"wp:featuredmedia":[{"embeddable":true,"href":"https:\/\/www.semanariolocal.cl\/index.php?rest_route=\/wp\/v2\/media\/5354"}],"wp:attachment":[{"href":"https:\/\/www.semanariolocal.cl\/index.php?rest_route=%2Fwp%2Fv2%2Fmedia&parent=5353"}],"wp:term":[{"taxonomy":"category","embeddable":true,"href":"https:\/\/www.semanariolocal.cl\/index.php?rest_route=%2Fwp%2Fv2%2Fcategories&post=5353"},{"taxonomy":"post_tag","embeddable":true,"href":"https:\/\/www.semanariolocal.cl\/index.php?rest_route=%2Fwp%2Fv2%2Ftags&post=5353"}],"curies":[{"name":"wp","href":"https:\/\/api.w.org\/{rel}","templated":true}]}}