{"id":5350,"date":"2022-04-12T12:09:54","date_gmt":"2022-04-12T16:09:54","guid":{"rendered":"https:\/\/www.semanariolocal.cl\/?p=5350"},"modified":"2022-04-12T12:09:55","modified_gmt":"2022-04-12T16:09:55","slug":"gobernador-vallespin-y-nueva-seremi-de-agricultura-trabajaran-por-una-region-sostenible","status":"publish","type":"post","link":"https:\/\/www.semanariolocal.cl\/?p=5350","title":{"rendered":"Gobernador Vallesp\u00edn y nueva Seremi de Agricultura trabajar\u00e1n por una regi\u00f3n sostenible\u00a0"},"content":{"rendered":"\n<p>En el per\u00edodo de instalaci\u00f3n de los nuevos Secretarios Regionales Ministeriales, estos se han reunido con el gobernador regional, Patricio Vallespin, con el fin de coordinar un trabajo conjunto con el fin de responder a las necesidades del territorio.<\/p>\n\n\n\n<p>Este lunes, el gobernador se reuni\u00f3 con la nueva Seremi de Agricultura, Tania Salas, quien declar\u00f3 que \u00abvemos convergencia en las ideas de c\u00f3mo queremos una regi\u00f3n de Los Lagos sustentable, si vamos a utilizar le\u00f1a, que sea le\u00f1a seca, el uso cuidadoso del agua y generar valor agregado en los productos del agro\u00bb.<\/p>\n\n\n\n<p>Por su parte, la primera autoridad regional destac\u00f3 que \u00abhemos visualizado los desaf\u00edos conjuntos para una agenda colaborativa, donde el eje de la sustentabilidad en la actividad productiva regional. Especialmente en materia del uso del agua con alianzas de trabajo a nivel nacional y regional a trav\u00e9s de los servicios locales. Ac\u00e1 hay capacidad profesional y t\u00e9cnica para atrevernos a tener nuestra propia oferta program\u00e1tica para la particularidad de nuestro territorio\u00bb.<\/p>\n","protected":false},"excerpt":{"rendered":"<p>En el per\u00edodo de instalaci\u00f3n de los nuevos Secretarios Regionales Ministeriales, estos se han reunido con el gobernador regional, Patricio Vallespin, con el fin de coordinar un trabajo conjunto con el fin de responder a las necesidades del territorio. Este lunes, el gobernador se reuni\u00f3 con la nueva Seremi de Agricultura, Tania Salas, quien declar\u00f3&#8230;<a class=\"btnReadMore\" href=\"https:\/\/www.semanariolocal.cl\/?p=5350\"> Leer M\u00e1s<\/a><\/p>\n","protected":false},"author":1,"featured_media":5351,"comment_status":"closed","ping_status":"closed","sticky":false,"template":"","format":"standard","meta":{"footnotes":""},"categories":[3],"tags":[],"class_list":["post-5350","post","type-post","status-publish","format-standard","has-post-thumbnail","hentry","category-al-dia"],"_links":{"self":[{"href":"https:\/\/www.semanariolocal.cl\/index.php?rest_route=\/wp\/v2\/posts\/5350","targetHints":{"allow":["GET"]}}],"collection":[{"href":"https:\/\/www.semanariolocal.cl\/index.php?rest_route=\/wp\/v2\/posts"}],"about":[{"href":"https:\/\/www.semanariolocal.cl\/index.php?rest_route=\/wp\/v2\/types\/post"}],"author":[{"embeddable":true,"href":"https:\/\/www.semanariolocal.cl\/index.php?rest_route=\/wp\/v2\/users\/1"}],"replies":[{"embeddable":true,"href":"https:\/\/www.semanariolocal.cl\/index.php?rest_route=%2Fwp%2Fv2%2Fcomments&post=5350"}],"version-history":[{"count":1,"href":"https:\/\/www.semanariolocal.cl\/index.php?rest_route=\/wp\/v2\/posts\/5350\/revisions"}],"predecessor-version":[{"id":5352,"href":"https:\/\/www.semanariolocal.cl\/index.php?rest_route=\/wp\/v2\/posts\/5350\/revisions\/5352"}],"wp:featuredmedia":[{"embeddable":true,"href":"https:\/\/www.semanariolocal.cl\/index.php?rest_route=\/wp\/v2\/media\/5351"}],"wp:attachment":[{"href":"https:\/\/www.semanariolocal.cl\/index.php?rest_route=%2Fwp%2Fv2%2Fmedia&parent=5350"}],"wp:term":[{"taxonomy":"category","embeddable":true,"href":"https:\/\/www.semanariolocal.cl\/index.php?rest_route=%2Fwp%2Fv2%2Fcategories&post=5350"},{"taxonomy":"post_tag","embeddable":true,"href":"https:\/\/www.semanariolocal.cl\/index.php?rest_route=%2Fwp%2Fv2%2Ftags&post=5350"}],"curies":[{"name":"wp","href":"https:\/\/api.w.org\/{rel}","templated":true}]}}