{"id":5347,"date":"2022-04-12T12:07:40","date_gmt":"2022-04-12T16:07:40","guid":{"rendered":"https:\/\/www.semanariolocal.cl\/?p=5347"},"modified":"2022-04-12T12:07:41","modified_gmt":"2022-04-12T16:07:41","slug":"44-trabajadoras-de-integra-estudian-para-convertirse-en-tecnicos-de-parvulos","status":"publish","type":"post","link":"https:\/\/www.semanariolocal.cl\/?p=5347","title":{"rendered":"44 trabajadoras de Integra estudian para convertirse en t\u00e9cnicos de p\u00e1rvulos"},"content":{"rendered":"\n<p>Con el sue\u00f1o de titularse en T\u00e9cnicos Universitarios Asistentes de Educador de P\u00e1rvulos, 44 trabajadoras de Fundaci\u00f3n Integra han vuelto a estudiar, gracias al programa de formaci\u00f3n continua \u201cCrecer M\u00e1s\u201d que realiza la instituci\u00f3n, que les permite fortalecer sus competencias y el desarrollo de los equipos de trabajo, para poder entregar una educaci\u00f3n parvularia de calidad.<\/p>\n\n\n\n<p>La directora regional de Integra, Marcela Gallardo, destac\u00f3 el esfuerzo y dedicaci\u00f3n de este grupo de mujeres, que busca superarse a nivel personal y profesional a trav\u00e9s de esta oportunidad que entrega la instituci\u00f3n.<\/p>\n\n\n\n<p>\u201cQue nuestras asistentes de p\u00e1rvulos est\u00e9n interesadas y motivadas en aprender, resalta el compromiso que tenemos como Fundaci\u00f3n de poder aportar para que cada uno de nuestros ni\u00f1os y ni\u00f1as pueda cumplir sus sue\u00f1os y desarrollarse integralmente. Pese a las dificultades que implica trabajar y estudiar, hoy est\u00e1n aqu\u00ed cumpliendo con este desaf\u00edo\u201d, a\u00f1adi\u00f3 Gallardo.<\/p>\n\n\n\n<p>Las funcionarias se desempe\u00f1an como asistentes de p\u00e1rvulos en distintos jardines infantiles de las regiones de Los Lagos, Ays\u00e9n y Magallanes; y asisten a clases en modalidad semi presencial. En esta oportunidad, las estudiantes se reunieron en Puerto Montt en dos grupos a cargo de las universidades Aut\u00f3noma de Chile y Tecnol\u00f3gica Metropolitana (UTEM).<\/p>\n\n\n\n<p>Jessica Salazar, una de las beneficiadas con este programa, y que&nbsp; viaj\u00f3 desde la regi\u00f3n de Ays\u00e9n, trabaja hace 7 a\u00f1os en el Jard\u00edn Infantil y sala Cuna Los Chilcos, como asistente de p\u00e1rvulos de extensi\u00f3n horaria. Sobre este nueva faceta de \u201cestudiante\u00bb, se\u00f1ala que \u00abes un desaf\u00edo personal y profesional, que implica un proyecto para poder seguir trabajando en Integra, pero en jornada habitual. Yo pens\u00e9 que iba a ser complicado por las clases online, pero ha resultado todo s\u00faper bien\u00bb.<\/p>\n\n\n\n<p>En tanto Carolina Paredes, quien se desempe\u00f1a desde hace 14 a\u00f1os como asistente de p\u00e1rvulos en el Jard\u00edn Infantil Carrusel de la comuna de Calbuco, destac\u00f3 que \u00abquise seguir creciendo profesionalmente, porque yo tengo t\u00edtulo de&nbsp; asistente de p\u00e1rvulos de nivel medio y ahora se me dio la oportunidad del nivel superior, con miras a convertirme en educadora de p\u00e1rvulos. Ha sido muy bonita la experiencia, he conocido gente especial, motivada en tener nuevos aprendizajes, y darme cuenta como estamos haciendo las cosas, que vamos bien encaminadas. Agradezco a la Fundaci\u00f3n y al equipo del jard\u00edn que han sido un gran apoyo y mi familia que es fundamental, si no fuera por ellos no estar\u00eda aqu\u00ed\u00bb.<\/p>\n\n\n\n<p>En los \u00faltimos 6 a\u00f1os, gracias al programa \u201cCrecer M\u00e1s\u201d, 77 funcionarias de jornada habitual y extensi\u00f3n horaria de establecimientos de la regi\u00f3n,&nbsp; han obtenido su t\u00edtulo de t\u00e9cnico de p\u00e1rvulos.&nbsp;<\/p>\n","protected":false},"excerpt":{"rendered":"<p>Programa institucional de formaci\u00f3n continua \u201cCrecer M\u00e1s\u201d permite a las funcionarias de jardines infantiles de Los Lagos, Ays\u00e9n y Magallanes cumplir el sue\u00f1o de contar con un t\u00edtulo universitario.<\/p>\n","protected":false},"author":1,"featured_media":5348,"comment_status":"closed","ping_status":"closed","sticky":false,"template":"","format":"standard","meta":{"footnotes":""},"categories":[11],"tags":[],"class_list":["post-5347","post","type-post","status-publish","format-standard","has-post-thumbnail","hentry","category-educacion"],"_links":{"self":[{"href":"https:\/\/www.semanariolocal.cl\/index.php?rest_route=\/wp\/v2\/posts\/5347","targetHints":{"allow":["GET"]}}],"collection":[{"href":"https:\/\/www.semanariolocal.cl\/index.php?rest_route=\/wp\/v2\/posts"}],"about":[{"href":"https:\/\/www.semanariolocal.cl\/index.php?rest_route=\/wp\/v2\/types\/post"}],"author":[{"embeddable":true,"href":"https:\/\/www.semanariolocal.cl\/index.php?rest_route=\/wp\/v2\/users\/1"}],"replies":[{"embeddable":true,"href":"https:\/\/www.semanariolocal.cl\/index.php?rest_route=%2Fwp%2Fv2%2Fcomments&post=5347"}],"version-history":[{"count":1,"href":"https:\/\/www.semanariolocal.cl\/index.php?rest_route=\/wp\/v2\/posts\/5347\/revisions"}],"predecessor-version":[{"id":5349,"href":"https:\/\/www.semanariolocal.cl\/index.php?rest_route=\/wp\/v2\/posts\/5347\/revisions\/5349"}],"wp:featuredmedia":[{"embeddable":true,"href":"https:\/\/www.semanariolocal.cl\/index.php?rest_route=\/wp\/v2\/media\/5348"}],"wp:attachment":[{"href":"https:\/\/www.semanariolocal.cl\/index.php?rest_route=%2Fwp%2Fv2%2Fmedia&parent=5347"}],"wp:term":[{"taxonomy":"category","embeddable":true,"href":"https:\/\/www.semanariolocal.cl\/index.php?rest_route=%2Fwp%2Fv2%2Fcategories&post=5347"},{"taxonomy":"post_tag","embeddable":true,"href":"https:\/\/www.semanariolocal.cl\/index.php?rest_route=%2Fwp%2Fv2%2Ftags&post=5347"}],"curies":[{"name":"wp","href":"https:\/\/api.w.org\/{rel}","templated":true}]}}