{"id":5333,"date":"2022-04-10T10:09:00","date_gmt":"2022-04-10T14:09:00","guid":{"rendered":"https:\/\/www.semanariolocal.cl\/?p=5333"},"modified":"2022-04-11T22:20:12","modified_gmt":"2022-04-12T02:20:12","slug":"enfermedad-de-parkinson-una-alteracion-silenciosa-del-cuerpo","status":"publish","type":"post","link":"https:\/\/www.semanariolocal.cl\/?p=5333","title":{"rendered":"Enfermedad de Parkinson, una alteraci\u00f3n silenciosa del cuerpo"},"content":{"rendered":"\n<p>El relato corresponde a una persona que tiene la enfermedad de Parkinson diagnosticada hace ya algunos meses. Este 11 de abril, d\u00eda mundial del Parkinson, es importante recordar que los trastornos neurol\u00f3gicos son la principal causa de discapacidad a nivel mundial siendo esta patolog\u00eda la segunda enfermedad neurodegenerativa m\u00e1s prevalente y la de m\u00e1s r\u00e1pido crecimiento en discapacidad y muertes, aumentando de 2,5 millones en 1990 a 6,1 millones en 2016.<\/p>\n\n\n\n<p>Estudios m\u00e1s recientes reportan que cerca de 10 millones de personas en el mundo la padecen, afecta al 1% de la poblaci\u00f3n mayor de 60 a\u00f1os y 4-5% de los mayores de 85 a\u00f1os. Basados en datos internacionales, en Chile se puede estimar que existen cerca de 40.000 personas con dicha condici\u00f3n.<\/p>\n\n\n\n<p>El envejecimiento ya es un desaf\u00edo para las personas porque el cuerpo enfrenta cambios fisiol\u00f3gicos propios sumados a barreras y prejuicios externos. Pero \u00bfQu\u00e9 sucede cuando adem\u00e1s hay una enfermedad que ataca tu cerebro de manera progresiva?<\/p>\n\n\n\n<p>Si bien no hay una causa exacta que provoque esta enfermedad, la incidencia est\u00e1 ligada a factores de riesgo, el m\u00e1s importante es la edad, pero tambi\u00e9n est\u00e1 asociado con productos qu\u00edmicos y contaminantes industriales, como pesticidas, solventes y metales, residencia en el campo y la agricultura. Es m\u00e1s frecuente en hombres que mujeres con una relaci\u00f3n 4:1. Esto se explicar\u00eda por las exposiciones ambientales (p. ej., ocupacionales) a las que los hombres est\u00e1n expuestos con mayor frecuencia.<\/p>\n\n\n\n<p>El diagn\u00f3stico de la EP se realiza cuando aparecen los s\u00edntomas motores. Entre ellos los 4 signos cardinales: Bradicinesia (lentificaci\u00f3n progresiva de los movimientos), temblor en reposo, rigidez e inestabilidad postural. Los cuales se han descrito con detalle en la literatura. Pero \u00bfqu\u00e9 sucede en el Ser de la persona con Parkinson? \u00bfqu\u00e9 siente cuando al mirar sus manos no puede usarlas como antes? \u00bfqu\u00e9 sucede cuando ya no puede continuar con sus actividades?<\/p>\n\n\n\n<p>A pesar de que el diagn\u00f3stico es cl\u00ednico, la enfermedad de Parkinson empieza muchos a\u00f1os antes de los primeros s\u00edntomas motores. La fase precl\u00ednica es muy variable, se ha observado que esta puede tener una duraci\u00f3n de 4-6 a\u00f1os o incluso 10 en funci\u00f3n de la etiolog\u00eda. Esto quiere decir que previo a que se observen los s\u00edntomas, ya en el cerebro una gran cantidad de neuronas comienzan a morir y no lo sabemos. Los primeros s\u00edntomas podr\u00edan ser org\u00e1nicos-auton\u00f3micos, constipaci\u00f3n, dificultades olfatorias, trastorno del sue\u00f1o y depresi\u00f3n.<\/p>\n\n\n\n<p><em>\u201cMi cuerpo est\u00e1 cambiando\u201d<\/em> es una frase com\u00fan que expresan los pacientes, ya que la calidad de vida se deteriora progresivamente y crea una gran preocupaci\u00f3n para sus cuidadores, la cual aumenta por los trastornos del sue\u00f1o, de la cognici\u00f3n y la conducta, dificultades en el habla y degluci\u00f3n, depresi\u00f3n, ansiedad, duraci\u00f3n de la enfermedad y la discapacidad que genera la EP.<\/p>\n\n\n\n<p>Durante mi experiencia como terapeuta, una de las frases que m\u00e1s me ha impactado es <em>\u201cLa enfermedad de Parkinson me hizo ver mi cuerpo<\/em>\u201d. Esto me llev\u00f3 a reflexionar sobre el valor que hay en cada funci\u00f3n y habilidad de \u00e9ste, lo importante que son nuestras emociones, c\u00f3mo nos sentimos y c\u00f3mo nos relacionamos con el entorno. No esperemos valorar nuestro cuerpo cuando aparece la enfermedad, valor\u00e9moslo ahora tomando la decisi\u00f3n de cuidarlo, aliment\u00e1ndonos de manera saludable, realizando deporte, evitando la exposici\u00f3n a t\u00f3xicos, teniendo tiempos de descanso y escuchando nuestro cuerpo.<\/p>\n\n\n\n<p>Para finalizar, lo m\u00e1s importante a\u00fan ser\u00e1 acompa\u00f1ar, respetar, amar y apreciar a una persona con EP, ya que, la red de apoyo es fundamental en el proceso de esta enfermedad.<\/p>\n\n\n\n<p><strong>Por Camila Palma Mu\u00f1oz &#8211;&nbsp; Fonoaudi\u00f3loga &#8211; UST Osorno<\/strong><\/p>\n","protected":false},"excerpt":{"rendered":"<p>\u201cTodo mi cuerpo est\u00e1 cambiando y no s\u00e9 c\u00f3mo controlarlo\u2026ya no puedo mover las manos con agilidad, tengo menos fuerza, me cuesta tomar decisiones r\u00e1pidas, mis manos tiemblan, es dif\u00edcil hablar y manipular el alimento dentro de la boca\u2026no s\u00e9 qu\u00e9 estoy sintiendo, quiz\u00e1s la pena es parte de mi enfermedad\u201d. <\/p>\n","protected":false},"author":1,"featured_media":5337,"comment_status":"closed","ping_status":"closed","sticky":false,"template":"","format":"standard","meta":{"footnotes":""},"categories":[7],"tags":[],"class_list":["post-5333","post","type-post","status-publish","format-standard","has-post-thumbnail","hentry","category-opinion"],"_links":{"self":[{"href":"https:\/\/www.semanariolocal.cl\/index.php?rest_route=\/wp\/v2\/posts\/5333","targetHints":{"allow":["GET"]}}],"collection":[{"href":"https:\/\/www.semanariolocal.cl\/index.php?rest_route=\/wp\/v2\/posts"}],"about":[{"href":"https:\/\/www.semanariolocal.cl\/index.php?rest_route=\/wp\/v2\/types\/post"}],"author":[{"embeddable":true,"href":"https:\/\/www.semanariolocal.cl\/index.php?rest_route=\/wp\/v2\/users\/1"}],"replies":[{"embeddable":true,"href":"https:\/\/www.semanariolocal.cl\/index.php?rest_route=%2Fwp%2Fv2%2Fcomments&post=5333"}],"version-history":[{"count":1,"href":"https:\/\/www.semanariolocal.cl\/index.php?rest_route=\/wp\/v2\/posts\/5333\/revisions"}],"predecessor-version":[{"id":5335,"href":"https:\/\/www.semanariolocal.cl\/index.php?rest_route=\/wp\/v2\/posts\/5333\/revisions\/5335"}],"wp:featuredmedia":[{"embeddable":true,"href":"https:\/\/www.semanariolocal.cl\/index.php?rest_route=\/wp\/v2\/media\/5337"}],"wp:attachment":[{"href":"https:\/\/www.semanariolocal.cl\/index.php?rest_route=%2Fwp%2Fv2%2Fmedia&parent=5333"}],"wp:term":[{"taxonomy":"category","embeddable":true,"href":"https:\/\/www.semanariolocal.cl\/index.php?rest_route=%2Fwp%2Fv2%2Fcategories&post=5333"},{"taxonomy":"post_tag","embeddable":true,"href":"https:\/\/www.semanariolocal.cl\/index.php?rest_route=%2Fwp%2Fv2%2Ftags&post=5333"}],"curies":[{"name":"wp","href":"https:\/\/api.w.org\/{rel}","templated":true}]}}