{"id":5330,"date":"2022-04-10T10:06:00","date_gmt":"2022-04-10T14:06:00","guid":{"rendered":"https:\/\/www.semanariolocal.cl\/?p=5330"},"modified":"2022-04-11T22:09:29","modified_gmt":"2022-04-12T02:09:29","slug":"en-palenas-avistan-monito-del-monte-cerca-de-vivienda-particular","status":"publish","type":"post","link":"https:\/\/www.semanariolocal.cl\/?p=5330","title":{"rendered":"En Palenas avistan Monito del Monte cerca de vivienda particular"},"content":{"rendered":"\n<p>En Palena, el Servicio Agr\u00edcola y Ganadero, SAG, realiz\u00f3 con \u00e9xito la recepci\u00f3n de un juvenil de Monito del Monte&nbsp;<em>(Dromiciops gliroides)<\/em>&nbsp;especie end\u00e9mica de los bosques del sur de Chile, que fue entregado a la instituci\u00f3n del agro tras ser encontrado merodeando en el patio de una casa ubicada en sector El Diablo.<\/p>\n\n\n\n<p>\u201cDurante la inspecci\u00f3n no se identificaron lesiones en el Monito del Monte. Su comportamiento y estado f\u00edsico se evaluaron satisfactoriamente. El ejemplar, es un macho juvenil, con un peso de 9 gramos y 7 cm\u201d, explic\u00f3 Francisco Osses, jefe provincial del SAG.<\/p>\n\n\n\n<p>\u201cSe presume que, dada la intensa ca\u00edda de precipitaciones y vientos en los \u00faltimos d\u00edas, el ejemplar habr\u00eda ca\u00eddo desde un \u00e1rbol, o que hubiese perdido la orientaci\u00f3n. Lo cual expuso al ejemplar al eventual asedio de mascotas (gatos y perros) de viviendas que se encuentran en la zona\u201d, precis\u00f3 Osses.<\/p>\n\n\n\n<p>Cabe indicar que el Monito del Monte es un peque\u00f1o animal de la fauna silvestre que habita los bosques entre la regi\u00f3n del Maule y la regi\u00f3n de Los Lagos. Acostumbra a vivir en los \u00e1rboles y es de h\u00e1bitos nocturnos, por esto es dif\u00edcil de observar. Su alimentaci\u00f3n se basa en insectos, frutos silvestres y, en algunas ocasiones, huevos de aves peque\u00f1as. Se trata de ejemplares que duermen en los nidos que construyen en cavidades de viejos \u00e1rboles o en la densa vegetaci\u00f3n. Sus nidos est\u00e1n construidos de helechos, musgos, l\u00edquenes y hojas de quila. Y en determinados meses del a\u00f1o entra en sopor (estado de hibernaci\u00f3n).<\/p>\n\n\n\n<p>Seg\u00fan inform\u00f3 Osses, dada la excelente condici\u00f3n del ejemplar fue reinsertado en su h\u00e1bitat. \u201cLo importante es avisar a los organismos competentes, y evitar, en la medida de lo posible, establecer contacto con los ejemplares para que \u00e9stos no pierdan su condici\u00f3n de asilvestrados y puedan reincorporarse de buena manera a la naturaleza. Adem\u00e1s, quisiera recordar a la comunidad que la tenencia de estas especies, por parte de personas, est\u00e1 prohibida por la Ley de Caza y su Reglamento\u201d.<\/p>\n","protected":false},"excerpt":{"rendered":"<p>En Palena, el Servicio Agr\u00edcola y Ganadero, SAG, realiz\u00f3 con \u00e9xito la recepci\u00f3n de un juvenil de Monito del Monte&nbsp;(Dromiciops gliroides)&nbsp;especie end\u00e9mica de los bosques del sur de Chile, que fue entregado a la instituci\u00f3n del agro tras ser encontrado merodeando en el patio de una casa ubicada en sector El Diablo. \u201cDurante la inspecci\u00f3n&#8230;<a class=\"btnReadMore\" href=\"https:\/\/www.semanariolocal.cl\/?p=5330\"> Leer M\u00e1s<\/a><\/p>\n","protected":false},"author":1,"featured_media":5331,"comment_status":"closed","ping_status":"closed","sticky":false,"template":"","format":"standard","meta":{"footnotes":""},"categories":[20,3],"tags":[],"class_list":["post-5330","post","type-post","status-publish","format-standard","has-post-thumbnail","hentry","category-agro","category-al-dia"],"_links":{"self":[{"href":"https:\/\/www.semanariolocal.cl\/index.php?rest_route=\/wp\/v2\/posts\/5330","targetHints":{"allow":["GET"]}}],"collection":[{"href":"https:\/\/www.semanariolocal.cl\/index.php?rest_route=\/wp\/v2\/posts"}],"about":[{"href":"https:\/\/www.semanariolocal.cl\/index.php?rest_route=\/wp\/v2\/types\/post"}],"author":[{"embeddable":true,"href":"https:\/\/www.semanariolocal.cl\/index.php?rest_route=\/wp\/v2\/users\/1"}],"replies":[{"embeddable":true,"href":"https:\/\/www.semanariolocal.cl\/index.php?rest_route=%2Fwp%2Fv2%2Fcomments&post=5330"}],"version-history":[{"count":1,"href":"https:\/\/www.semanariolocal.cl\/index.php?rest_route=\/wp\/v2\/posts\/5330\/revisions"}],"predecessor-version":[{"id":5332,"href":"https:\/\/www.semanariolocal.cl\/index.php?rest_route=\/wp\/v2\/posts\/5330\/revisions\/5332"}],"wp:featuredmedia":[{"embeddable":true,"href":"https:\/\/www.semanariolocal.cl\/index.php?rest_route=\/wp\/v2\/media\/5331"}],"wp:attachment":[{"href":"https:\/\/www.semanariolocal.cl\/index.php?rest_route=%2Fwp%2Fv2%2Fmedia&parent=5330"}],"wp:term":[{"taxonomy":"category","embeddable":true,"href":"https:\/\/www.semanariolocal.cl\/index.php?rest_route=%2Fwp%2Fv2%2Fcategories&post=5330"},{"taxonomy":"post_tag","embeddable":true,"href":"https:\/\/www.semanariolocal.cl\/index.php?rest_route=%2Fwp%2Fv2%2Ftags&post=5330"}],"curies":[{"name":"wp","href":"https:\/\/api.w.org\/{rel}","templated":true}]}}